{"id":309625,"date":"2021-11-20T13:10:12","date_gmt":"2021-11-20T17:10:12","guid":{"rendered":"http:\/\/diariodominicano.com\/?p=309625"},"modified":"2021-11-20T13:13:49","modified_gmt":"2021-11-20T17:13:49","slug":"policia-dominicana-y-departamento-de-seguridad-publica-de-puerto-rico-refuerzan-lazos-interinstitucionales-contra-el-delito","status":"publish","type":"post","link":"https:\/\/diariodominicano.com\/?p=309625","title":{"rendered":"Polic\u00eda Dominicana y Departamento de Seguridad P\u00fablica de Puerto Rico refuerzan lazos interinstitucionales contra el delito"},"content":{"rendered":"\n<p><strong>Durante el encuentro, realizado en el despacho del  director general de la PN, trataron temas sobre estrategias y acciones para fortalecer la seguridad con el apoyo de Puerto Rico y Rep\u00fablica Dominicana.<\/strong><\/p>\n\n\n\n<p><strong>Santo Domingo, RD.<\/strong>&#8211; El director de la Polic\u00eda Nacional, mayor general Eduardo Alberto Then, y Alexis Torres R\u00edos, Secretario  del Departamento de Seguridad P\u00fablica de Puerto Rico (DSP), sostuvieron el  viernes una reuni\u00f3n en procura de reforzar los lazos de seguridad contra la lucha y la prevenci\u00f3n del crimen.<\/p>\n\n\n\n<p>Durante el encuentro, realizado en el despacho del titular de la instituci\u00f3n policial, trataron temas sobre estrategias y acciones para fortalecer la seguridad con el apoyo de ambas naciones.<\/p>\n\n\n\n<p>El Secretario del Departamento de Seguridad, Alexis Torres, dijo que el encuentro procura colaborar y tratar temas de seguridad p\u00fablica.&nbsp;<\/p>\n\n\n\n<p>\u201cComo pueblo estamos comprometidos en unificar criterios para combatir la criminalidad\u201d, afirm\u00f3.<\/p>\n\n\n\n<p>En tanto, el mayor general Eduardo Alberto Then &nbsp;reiter\u00f3 que la Polic\u00eda dominicana est\u00e1 siempre dispuesta a intercambiar ideas que conlleven a la b\u00fasqueda de la tranquilidad y fortalecer la seguridad.<\/p>\n\n\n\n<p>\u201cMe siento honrado con recibir al Secretario Departamento de Seguridad P\u00fablica de Puerto Rico porque yo s\u00e9 que vamos a tener acuerdos muy fundamentales para ayuda de los cuerpos policiales de ambas naciones\u201d, refiri\u00f3 Alberto Then.<\/p>\n\n\n\n<p><strong>Prensa Polic\u00eda Nacional<\/strong>\u00a0&lt;prensadigitalpn@gmail.com><\/p>\n","protected":false},"excerpt":{"rendered":"<p>Durante el encuentro, realizado en el despacho del director general de la PN, trataron temas sobre estrategias y acciones para fortalecer la seguridad con el apoyo de Puerto Rico y Rep\u00fablica Dominicana. Santo Domingo, RD.&#8211; El director de la Polic\u00eda Nacional, mayor general Eduardo Alberto Then, y Alexis Torres R\u00edos, Secretario del Departamento de Seguridad [&hellip;]<\/p>\n","protected":false},"author":2,"featured_media":309626,"comment_status":"closed","ping_status":"","sticky":true,"template":"","format":"standard","meta":{"footnotes":""},"categories":[24,27],"tags":[],"class_list":["post-309625","post","type-post","status-publish","format-standard","has-post-thumbnail","hentry","category-justicia-y-derecho","category-portada"],"_links":{"self":[{"href":"https:\/\/diariodominicano.com\/index.php?rest_route=\/wp\/v2\/posts\/309625","targetHints":{"allow":["GET"]}}],"collection":[{"href":"https:\/\/diariodominicano.com\/index.php?rest_route=\/wp\/v2\/posts"}],"about":[{"href":"https:\/\/diariodominicano.com\/index.php?rest_route=\/wp\/v2\/types\/post"}],"author":[{"embeddable":true,"href":"https:\/\/diariodominicano.com\/index.php?rest_route=\/wp\/v2\/users\/2"}],"replies":[{"embeddable":true,"href":"https:\/\/diariodominicano.com\/index.php?rest_route=%2Fwp%2Fv2%2Fcomments&post=309625"}],"version-history":[{"count":3,"href":"https:\/\/diariodominicano.com\/index.php?rest_route=\/wp\/v2\/posts\/309625\/revisions"}],"predecessor-version":[{"id":309629,"href":"https:\/\/diariodominicano.com\/index.php?rest_route=\/wp\/v2\/posts\/309625\/revisions\/309629"}],"wp:featuredmedia":[{"embeddable":true,"href":"https:\/\/diariodominicano.com\/index.php?rest_route=\/wp\/v2\/media\/309626"}],"wp:attachment":[{"href":"https:\/\/diariodominicano.com\/index.php?rest_route=%2Fwp%2Fv2%2Fmedia&parent=309625"}],"wp:term":[{"taxonomy":"category","embeddable":true,"href":"https:\/\/diariodominicano.com\/index.php?rest_route=%2Fwp%2Fv2%2Fcategories&post=309625"},{"taxonomy":"post_tag","embeddable":true,"href":"https:\/\/diariodominicano.com\/index.php?rest_route=%2Fwp%2Fv2%2Ftags&post=309625"}],"curies":[{"name":"wp","href":"https:\/\/api.w.org\/{rel}","templated":true}]}}