{"id":309619,"date":"2021-11-20T12:52:03","date_gmt":"2021-11-20T16:52:03","guid":{"rendered":"http:\/\/diariodominicano.com\/?p=309619"},"modified":"2021-11-20T12:55:05","modified_gmt":"2021-11-20T16:55:05","slug":"interior-y-policia-inaugura-oficina-regional-santiago","status":"publish","type":"post","link":"https:\/\/diariodominicano.com\/?p=309619","title":{"rendered":"Interior y Polic\u00eda inaugura oficina regional Santiago"},"content":{"rendered":"\n<p><strong>Director general de la PN destaca apoyo del ministro Jes\u00fas V\u00e1squez Mart\u00ednez a la instituci\u00f3n.<\/strong><\/p>\n\n\n\n<p><strong>SANTIAGO, RD, 19 noviembre.-<\/strong> El Ministerio de Interior y Polic\u00eda (MIP) inaugur\u00f3 la oficina regional con sede en la ciudad de Santiago, la cual ofrecer\u00e1 todos los servicios que se brindan en la sede del Distrito Nacional, para las 14 provincias del Cibao.<\/p>\n\n\n\n<p>El ministro Jes\u00fas V\u00e1squez Mart\u00ednez explic\u00f3 que esta nueva oficina hab\u00eda sido reclamada desde hace varios a\u00f1os por los grupos organizados, empresariales y dem\u00e1s sectores de la regi\u00f3n del Cibao, pedido que acogi\u00f3 por instrucciones del presidente Luis Abinader, quien ha expresado su firme decisi\u00f3n de mejorar cada d\u00eda las condiciones de los distintos puntos del pa\u00eds.<\/p>\n\n\n\n<figure class=\"wp-block-image size-large\"><img loading=\"lazy\" decoding=\"async\" width=\"1024\" height=\"682\" src=\"https:\/\/diariodominicano.com\/wp-content\/uploads\/2021\/11\/Ministro-1024x682.jpg\" alt=\"\" class=\"wp-image-309621\" srcset=\"https:\/\/diariodominicano.com\/wp-content\/uploads\/2021\/11\/Ministro-1024x682.jpg 1024w, https:\/\/diariodominicano.com\/wp-content\/uploads\/2021\/11\/Ministro-300x200.jpg 300w, https:\/\/diariodominicano.com\/wp-content\/uploads\/2021\/11\/Ministro-768x512.jpg 768w, https:\/\/diariodominicano.com\/wp-content\/uploads\/2021\/11\/Ministro-1536x1023.jpg 1536w, https:\/\/diariodominicano.com\/wp-content\/uploads\/2021\/11\/Ministro-816x544.jpg 816w, https:\/\/diariodominicano.com\/wp-content\/uploads\/2021\/11\/Ministro.jpg 1600w\" sizes=\"auto, (max-width: 1024px) 100vw, 1024px\" \/><\/figure>\n\n\n\n<p>\u201cEsta oficina ofrecer\u00e1 todos los servicios que se brindan en nuestra sede principal de la capital, lo que significa que ya los santiagueros no tienen que trasladarse al Distrito Nacional, a resolver problemas, que adem\u00e1s de tiempo, tambi\u00e9n representaban una carga econ\u00f3mica, a la hora de viajar\u201d, afirm\u00f3 el ministro.<\/p>\n\n\n\n<p>En tanto que el director general de la Polic\u00eda Nacional, mayor general Eduardo Alberto Then, destac\u00f3 el respaldo del ministro V\u00e1zquez Mart\u00ednez en el trabajo constante que desarrolla la instituci\u00f3n del orden p\u00fablico, con el fin de que la sociedad cuente con una Polic\u00eda moderna y solidaria.<\/p>\n\n\n\n<p>De su lado, Sandy Filpo, presidente de la Asociaci\u00f3n de Comerciantes e Industriales de Santiago (ACiS), salud\u00f3 la apertura de dicha oficina, ya que adem\u00e1s de llenar un gran vac\u00edo, constituye un gesto humano.<\/p>\n\n\n\n<p><strong>Servicios<\/strong><\/p>\n\n\n\n<p>El ministro V\u00e1squez Mart\u00ednez detall\u00f3 que entre los servicios se incluye el de Control y Regulaci\u00f3n de Armas en manos de civiles, Control de Comercializaci\u00f3n de Armas y Municiones, Control y Regulaci\u00f3n de Productos Pirot\u00e9cnicos y Qu\u00edmicos.<\/p>\n\n\n\n<p>Adem\u00e1s, Obtenci\u00f3n de Nacionalidad, Control y Regulaci\u00f3n de Parques y Billares, Certificaci\u00f3n de Vida y Costumbres, Permiso para Depositar Ofrendas Florales en el Altar de la Patria, Informativo sobre el Uso de la V\u00eda P\u00fablica (marchas, piquetes y paradas pac\u00edficas).<\/p>\n\n\n\n<p>Tambi\u00e9n, Fijaci\u00f3n de Domicilio de Sociedad Extranjera en Rep\u00fablica Dominicana y Certificaci\u00f3n de Declaraci\u00f3n para el Inicio de Publicaciones, en total 56 servicios de los que ofrece la instituci\u00f3n.<\/p>\n\n\n\n<p><strong>Transparencia<\/strong><\/p>\n\n\n\n<p>\u201cEsto ha sido posible gracias a una administraci\u00f3n eficiente, transparente, \u00e9tica del presupuesto del Ministerio de Interior y Polic\u00eda\u201d, asegur\u00f3 V\u00e1squez Mart\u00ednez.<\/p>\n\n\n\n<p><strong>Prensa Polic\u00eda Nacional<\/strong>\u00a0&lt;prensadigitalpn@gmail.com><\/p>\n","protected":false},"excerpt":{"rendered":"<p>Director general de la PN destaca apoyo del ministro Jes\u00fas V\u00e1squez Mart\u00ednez a la instituci\u00f3n. SANTIAGO, RD, 19 noviembre.- El Ministerio de Interior y Polic\u00eda (MIP) inaugur\u00f3 la oficina regional con sede en la ciudad de Santiago, la cual ofrecer\u00e1 todos los servicios que se brindan en la sede del Distrito Nacional, para las 14 [&hellip;]<\/p>\n","protected":false},"author":2,"featured_media":309620,"comment_status":"closed","ping_status":"","sticky":true,"template":"","format":"standard","meta":{"footnotes":""},"categories":[20,27],"tags":[],"class_list":["post-309619","post","type-post","status-publish","format-standard","has-post-thumbnail","hentry","category-dominicana-hoy","category-portada"],"_links":{"self":[{"href":"https:\/\/diariodominicano.com\/index.php?rest_route=\/wp\/v2\/posts\/309619","targetHints":{"allow":["GET"]}}],"collection":[{"href":"https:\/\/diariodominicano.com\/index.php?rest_route=\/wp\/v2\/posts"}],"about":[{"href":"https:\/\/diariodominicano.com\/index.php?rest_route=\/wp\/v2\/types\/post"}],"author":[{"embeddable":true,"href":"https:\/\/diariodominicano.com\/index.php?rest_route=\/wp\/v2\/users\/2"}],"replies":[{"embeddable":true,"href":"https:\/\/diariodominicano.com\/index.php?rest_route=%2Fwp%2Fv2%2Fcomments&post=309619"}],"version-history":[{"count":3,"href":"https:\/\/diariodominicano.com\/index.php?rest_route=\/wp\/v2\/posts\/309619\/revisions"}],"predecessor-version":[{"id":309624,"href":"https:\/\/diariodominicano.com\/index.php?rest_route=\/wp\/v2\/posts\/309619\/revisions\/309624"}],"wp:featuredmedia":[{"embeddable":true,"href":"https:\/\/diariodominicano.com\/index.php?rest_route=\/wp\/v2\/media\/309620"}],"wp:attachment":[{"href":"https:\/\/diariodominicano.com\/index.php?rest_route=%2Fwp%2Fv2%2Fmedia&parent=309619"}],"wp:term":[{"taxonomy":"category","embeddable":true,"href":"https:\/\/diariodominicano.com\/index.php?rest_route=%2Fwp%2Fv2%2Fcategories&post=309619"},{"taxonomy":"post_tag","embeddable":true,"href":"https:\/\/diariodominicano.com\/index.php?rest_route=%2Fwp%2Fv2%2Ftags&post=309619"}],"curies":[{"name":"wp","href":"https:\/\/api.w.org\/{rel}","templated":true}]}}