{"id":309592,"date":"2021-11-20T09:05:28","date_gmt":"2021-11-20T13:05:28","guid":{"rendered":"http:\/\/diariodominicano.com\/?p=309592"},"modified":"2021-11-20T09:05:28","modified_gmt":"2021-11-20T13:05:28","slug":"andre-michel-advierte-sector-democratico-no-apoyara-gabinete-con-miembros-del-partido-haitiano-tet-kale-ni-jovenelistas","status":"publish","type":"post","link":"https:\/\/diariodominicano.com\/?p=309592","title":{"rendered":"Andr\u00e9 Michel advierte,  Sector Democr\u00e1tico no apoyar\u00e1 gabinete con miembros del partido Haitiano Tet Kale, ni \u201cjovenelistas\u201d"},"content":{"rendered":"\n<p>diariodominicano.com<\/p>\n\n\n\n<p>Puerto Pr\u00edncipe, 20 nov (Prensa Latina) El influyente Sector Democr\u00e1tico y Popular reiter\u00f3 hoy su amenaza de volver a la oposici\u00f3n si el primer ministro haitiano Ariel Henry contin\u00faa sin implementar el acuerdo de gobernanza pac\u00edfico.<\/p>\n\n\n\n<p>En un mensaje en Twitter, el portavoz, Andr\u00e9 Michel, exigi\u00f3 a Henry poner en marcha el acuerdo firmado por m\u00e1s de 600 plataformas sociopol\u00edticas y advirti\u00f3 que el Sector Democr\u00e1tico no apoyar\u00e1 un nuevo gabinete con miembros del partido Haitiano Tet Kale, que llev\u00f3 al poder a Jovenel Mo\u00efse, ni con las organizaciones consideradas \u201cjovenelistas\u201d.<\/p>\n\n\n\n<p>El neurocirujano ha retrasado la formaci\u00f3n del nuevo gobierno, la asamblea constituyente y el Consejo Electoral Provisional, mientras lidia con un aumento de la inseguridad y el poder\u00edo de las bandas armadas que bloquearon durante un mes la distribuci\u00f3n de combustible.<\/p>\n\n\n\n<p>En un cr\u00edptico mensaje en las redes sociales este viernes, el primer ministro critic\u00f3 a los \u201cenemigos del pueblo\u201d, que arman y prov\u00e9n municiones a las pandillas, propician el tr\u00e1fico ilegal de armas y usan a los grupos armados con fines pol\u00edticos.<\/p>\n\n\n\n<p>A inicios de este mes el Sector Democr\u00e1tico que impuls\u00f3 las masivas movilizaciones de 2019, y tras el asesinato del presidente Jovenel Mo\u00efse en julio pasado se ali\u00f3 al Gobierno, presion\u00f3 a Henry para formar un nuevo gabinete e indic\u00f3 que los problemas del pa\u00eds no podr\u00e1n solucionarse sin un Ejecutivo.<\/p>\n\n\n\n<p>mem\/ane<\/p>\n","protected":false},"excerpt":{"rendered":"<p>diariodominicano.com Puerto Pr\u00edncipe, 20 nov (Prensa Latina) El influyente Sector Democr\u00e1tico y Popular reiter\u00f3 hoy su amenaza de volver a la oposici\u00f3n si el primer ministro haitiano Ariel Henry contin\u00faa sin implementar el acuerdo de gobernanza pac\u00edfico. En un mensaje en Twitter, el portavoz, Andr\u00e9 Michel, exigi\u00f3 a Henry poner en marcha el acuerdo firmado [&hellip;]<\/p>\n","protected":false},"author":5,"featured_media":309594,"comment_status":"closed","ping_status":"","sticky":true,"template":"","format":"standard","meta":{"footnotes":""},"categories":[23,27],"tags":[],"class_list":["post-309592","post","type-post","status-publish","format-standard","has-post-thumbnail","hentry","category-internacional","category-portada"],"_links":{"self":[{"href":"https:\/\/diariodominicano.com\/index.php?rest_route=\/wp\/v2\/posts\/309592","targetHints":{"allow":["GET"]}}],"collection":[{"href":"https:\/\/diariodominicano.com\/index.php?rest_route=\/wp\/v2\/posts"}],"about":[{"href":"https:\/\/diariodominicano.com\/index.php?rest_route=\/wp\/v2\/types\/post"}],"author":[{"embeddable":true,"href":"https:\/\/diariodominicano.com\/index.php?rest_route=\/wp\/v2\/users\/5"}],"replies":[{"embeddable":true,"href":"https:\/\/diariodominicano.com\/index.php?rest_route=%2Fwp%2Fv2%2Fcomments&post=309592"}],"version-history":[{"count":1,"href":"https:\/\/diariodominicano.com\/index.php?rest_route=\/wp\/v2\/posts\/309592\/revisions"}],"predecessor-version":[{"id":309595,"href":"https:\/\/diariodominicano.com\/index.php?rest_route=\/wp\/v2\/posts\/309592\/revisions\/309595"}],"wp:featuredmedia":[{"embeddable":true,"href":"https:\/\/diariodominicano.com\/index.php?rest_route=\/wp\/v2\/media\/309594"}],"wp:attachment":[{"href":"https:\/\/diariodominicano.com\/index.php?rest_route=%2Fwp%2Fv2%2Fmedia&parent=309592"}],"wp:term":[{"taxonomy":"category","embeddable":true,"href":"https:\/\/diariodominicano.com\/index.php?rest_route=%2Fwp%2Fv2%2Fcategories&post=309592"},{"taxonomy":"post_tag","embeddable":true,"href":"https:\/\/diariodominicano.com\/index.php?rest_route=%2Fwp%2Fv2%2Ftags&post=309592"}],"curies":[{"name":"wp","href":"https:\/\/api.w.org\/{rel}","templated":true}]}}