{"id":309586,"date":"2021-11-20T08:47:34","date_gmt":"2021-11-20T12:47:34","guid":{"rendered":"http:\/\/diariodominicano.com\/?p=309586"},"modified":"2021-11-20T08:47:34","modified_gmt":"2021-11-20T12:47:34","slug":"ministerio-publico-presenta-mas-de-700-elementos-de-pruebas-contra-13-imputados-de-la-operacion-coral-5g","status":"publish","type":"post","link":"https:\/\/diariodominicano.com\/?p=309586","title":{"rendered":"Ministerio P\u00fablico presenta m\u00e1s de 700 elementos de pruebas contra 13 imputados de la Operaci\u00f3n Coral 5G"},"content":{"rendered":"\n<p>diariodominicano.com<\/p>\n\n\n\n<p><em><u>Solicita 18 meses de prisi\u00f3n preventiva y declaratoria de caso complejo, explic\u00f3 la fiscal Mirna Ortiz<\/u><\/em><\/p>\n\n\n\n<p>Santo Domingo, R. D., 20 de noviembre, 2021.- El Ministerio P\u00fablico deposit\u00f3 este viernes la solicitud de medida de coerci\u00f3n\u00a0 en contra de los generales Juan Carlos Torres Robiou, Julio Camilo de los Santos y Boanerges Reyes Batista, vinculados junto otras 10 personas en el entramado de corrupci\u00f3n administrativa desmantelado con la Operaci\u00f3n Coral 5G, para quienes pidi\u00f3 la imposici\u00f3n de 18 meses de prisi\u00f3n preventiva y la declaraci\u00f3n del caso como de tramitaci\u00f3n compleja.<\/p>\n\n\n\n<p>La fiscal Mirna Ortiz, coordinadora de Litigaci\u00f3n de la Procuradur\u00eda Especializada de Persecuci\u00f3n de la Corrupci\u00f3n Administrativa (Pepca), explic\u00f3 que el Ministerio P\u00fablico solicita coerci\u00f3n para 13 implicados en la operaci\u00f3n que se ha denominado 5G.<\/p>\n\n\n\n<p>Adem\u00e1s de los generales Torres Robiou (FARD), De los Santos Viola (FARD) y Reyes Batista (ERD), en el caso son imputados el capit\u00e1n de nav\u00edo Franklin Antonio Mata Flores (ARD), los coroneles Carlos Augusto Lantigua Cruz, Yehudy Blandesmil Guzm\u00e1n Alc\u00e1ntara, Miguel Ventura Pichardo (FARD) y el teniente coronel Erasmo Roger P\u00e9rez N\u00fa\u00f1ez (FARD).<\/p>\n\n\n\n<p>Tambi\u00e9n, el teniente coronel Kelman Santana Mart\u00ednez (ERD) y el mayor Jos\u00e9 Manuel Rosario Pir\u00f3n (PN). Igualmente, el primer teniente Jehohanan Luc\u00eda Rodr\u00edguez Jim\u00e9nez, C\u00e9sar F\u00e9lix Ramos Ovalle y Esmeralda Ortega Polanco.<\/p>\n\n\n\n<p>\u201cEsta medida de coerci\u00f3n cuenta con m\u00e1s de 600 p\u00e1ginas y 700 medios de pruebas documentales que han sido depositados en el tribunal y una vez m\u00e1s ratificamos y confirmamos que tenemos un caso blindado, un caso fuerte, cuya \u00fanica medida de coerci\u00f3n que ser\u00e1 posible imponer, ser\u00e1 la prisi\u00f3n preventiva\u201d, dijo Ortiz.<\/p>\n\n\n\n<p>La coordinadora de Litigaci\u00f3n de la Pepca ofreci\u00f3 los detalles del proceso al responder preguntas de los periodistas de diversos medios de comunicaci\u00f3n que la abordaron en el Palacio de Justicia de Ciudad Nueva, luego que depositara la instancia en la Oficina Judicial de Servicios de Atenci\u00f3n Permanente del Distrito Nacional.<\/p>\n\n\n\n<p>Ortiz dijo que las evidencias depositadas incluyen documentos de bancos, t\u00edtulos de propiedad, bienes inmuebles que han sido decomisados y una serie de elementos probatorios que, como en todos los casos que ha presentado el Ministerio P\u00fablico, conducir\u00e1n a la prisi\u00f3n preventiva de los imputados.<\/p>\n\n\n\n<p>Sostuvo que el Ministerio P\u00fablico sigue ampliando la investigaci\u00f3n. \u201cCoral 5G apenas comienza, las investigaciones contin\u00faan \u201d, sostuvo, mientras respond\u00eda a los comunicadores.<\/p>\n\n\n\n<p>Los imputados de la Operaci\u00f3n Coral 5G son custodiados por el sistema penitenciario en la c\u00e1rcel preventiva del Palacio de Justicia de Ciudad Nueva.<\/p>\n\n\n\n<p>La red de corrupci\u00f3n desmantelada con las operaciones Coral y Coral 5G movi\u00f3 al menos 4,500 millones de pesos, ha establecido el Ministerio P\u00fablico durante la investigaci\u00f3n.<\/p>\n\n\n\n<p>A los oficiales de cuerpos castrenses, incluyendo generales, se les ha ocupado hasta el momento unas 125 propiedades.<\/p>\n\n\n\n<p>La Operaci\u00f3n Coral 5G se ejecut\u00f3 en el marco de 49 allanamientos en el Distrito Nacional y las provincias Santo Domingo, Santiago y La Vega, en una acci\u00f3n sincronizada dirigida por los procuradores adjuntos Yeni Berenice Reynoso y Wilson Camacho, responsables de la Direcci\u00f3n General de Persecuci\u00f3n del Ministerio P\u00fablico y la Pepca.<\/p>\n\n\n\n<p>Estas nuevas acciones contra la corrupci\u00f3n administrativa se suman a las realizadas por la Operaci\u00f3n Coral, por la que tambi\u00e9n cumplen prisi\u00f3n preventiva de 18 meses varios miembros de la Polic\u00eda Nacional y organismos castrenses.<\/p>\n\n\n\n<p>Fuente:  <strong>Direcci\u00f3n de Comunicaci\u00f3n y Prensa<\/strong><\/p>\n\n\n\n<p><strong>Procuradur\u00eda General-Ministerio P\u00fablico RD<\/strong><\/p>\n\n\n\n<p><strong>Viernes, 19 de noviembre de 2021<\/strong><\/p>\n\n\n\n<p><strong>Direcci\u00f3n General de Comunicaciones, Prensa y Relaciones P\u00fablicas<\/strong><\/p>\n\n\n\n<p>Procuradur\u00eda General de la Rep\u00fablica Dominicana<\/p>\n","protected":false},"excerpt":{"rendered":"<p>diariodominicano.com Solicita 18 meses de prisi\u00f3n preventiva y declaratoria de caso complejo, explic\u00f3 la fiscal Mirna Ortiz Santo Domingo, R. D., 20 de noviembre, 2021.- El Ministerio P\u00fablico deposit\u00f3 este viernes la solicitud de medida de coerci\u00f3n\u00a0 en contra de los generales Juan Carlos Torres Robiou, Julio Camilo de los Santos y Boanerges Reyes Batista, [&hellip;]<\/p>\n","protected":false},"author":5,"featured_media":309590,"comment_status":"closed","ping_status":"","sticky":true,"template":"","format":"standard","meta":{"footnotes":""},"categories":[24,27],"tags":[],"class_list":["post-309586","post","type-post","status-publish","format-standard","has-post-thumbnail","hentry","category-justicia-y-derecho","category-portada"],"_links":{"self":[{"href":"https:\/\/diariodominicano.com\/index.php?rest_route=\/wp\/v2\/posts\/309586","targetHints":{"allow":["GET"]}}],"collection":[{"href":"https:\/\/diariodominicano.com\/index.php?rest_route=\/wp\/v2\/posts"}],"about":[{"href":"https:\/\/diariodominicano.com\/index.php?rest_route=\/wp\/v2\/types\/post"}],"author":[{"embeddable":true,"href":"https:\/\/diariodominicano.com\/index.php?rest_route=\/wp\/v2\/users\/5"}],"replies":[{"embeddable":true,"href":"https:\/\/diariodominicano.com\/index.php?rest_route=%2Fwp%2Fv2%2Fcomments&post=309586"}],"version-history":[{"count":1,"href":"https:\/\/diariodominicano.com\/index.php?rest_route=\/wp\/v2\/posts\/309586\/revisions"}],"predecessor-version":[{"id":309591,"href":"https:\/\/diariodominicano.com\/index.php?rest_route=\/wp\/v2\/posts\/309586\/revisions\/309591"}],"wp:featuredmedia":[{"embeddable":true,"href":"https:\/\/diariodominicano.com\/index.php?rest_route=\/wp\/v2\/media\/309590"}],"wp:attachment":[{"href":"https:\/\/diariodominicano.com\/index.php?rest_route=%2Fwp%2Fv2%2Fmedia&parent=309586"}],"wp:term":[{"taxonomy":"category","embeddable":true,"href":"https:\/\/diariodominicano.com\/index.php?rest_route=%2Fwp%2Fv2%2Fcategories&post=309586"},{"taxonomy":"post_tag","embeddable":true,"href":"https:\/\/diariodominicano.com\/index.php?rest_route=%2Fwp%2Fv2%2Ftags&post=309586"}],"curies":[{"name":"wp","href":"https:\/\/api.w.org\/{rel}","templated":true}]}}