{"id":309577,"date":"2021-11-20T08:41:13","date_gmt":"2021-11-20T12:41:13","guid":{"rendered":"http:\/\/diariodominicano.com\/?p=309577"},"modified":"2021-11-20T09:02:56","modified_gmt":"2021-11-20T13:02:56","slug":"cristian-reyna-tejada-presidente-de-fondesa-disertara-en-graduacion-del-intec","status":"publish","type":"post","link":"https:\/\/diariodominicano.com\/?p=309577","title":{"rendered":"Cristian Reyna Tejada, presidente de FONDESA, disertar\u00e1 en graduaci\u00f3n del INTEC"},"content":{"rendered":"\n<p><strong>&nbsp;&nbsp;<\/strong>diariodominicano.com<\/p>\n\n\n\n<p><em>En cumplimiento a los protocolos de distanciamiento, la universidad realizar\u00e1 dos actos de graduaci\u00f3n, uno a las 10:00 de la ma\u00f1ana y el otro a las 4:00 de la tarde&nbsp;<\/em>este s\u00e1bado 20 de noviembre en el Centro de Convenciones de Sansouci&nbsp;<\/p>\n\n\n\n<p>Santo Domingo, R. D.,  20 de noviembre, 2021.\u2013  Cristian Reyna Tejada, presidente del Banco de Ahorro y Cr\u00e9dito (FONDESA), pronunciar\u00e1 el discurso de orden durante el&nbsp;sexag\u00e9simo tercer&nbsp;acto de graduaci\u00f3n del Instituto Tecnol\u00f3gico de Salto Domingo (INTEC), que ser\u00e1 celebrado este s\u00e1bado 20 de noviembre en el Centro de Convenciones de Sansouci.&nbsp;<\/p>\n\n\n\n<p>El ingeniero quien tambi\u00e9n es vicepresidente del Consejo de Directores del Fondo para el Financiamiento de la Microempresa (FONDOMICRO), desde 2002, se dirigir\u00e1 a los 1,012 graduandos y graduandas, en los niveles de grado y postgrado, que la universidad entregar\u00e1 al pa\u00eds.&nbsp;&nbsp;<\/p>\n\n\n\n<p>Esta es la primera graduaci\u00f3n totalmente presencial que realiza la academia de estudios superiores despu\u00e9s de la pandemia del COVID-19. Para cumplir con el protocolo de distanciamiento y evitar la propagaci\u00f3n del virus, la universidad realizar\u00e1 dos ceremonias de graduaci\u00f3n, la primera a las 10:00 de la ma\u00f1ana y una segunda a las 4:00 de la tarde.&nbsp;<\/p>\n\n\n\n<p>Reyna Tejada es Ingeniero agr\u00f3nomo con concentraci\u00f3n en Administraci\u00f3n de Agro Empresas de la Pontificia Universidad Cat\u00f3lica Madre y Maestra (PUCMM), con postgrados en Econom\u00eda, del Economics Institute Robert Rogers Merit Scholar Award, de la Universidad de Colorado, y en Comercio Internacional, del World Trade Institute, Nueva York, ambos de Estados Unidos.&nbsp;<\/p>\n\n\n\n<p>Fuente: <strong>Direcci\u00f3n de Comunicaci\u00f3n Institucional<\/strong><\/p>\n\n\n\n<p>Instituto Tecnol\u00f3gico de Santo Domingo,&nbsp;INTEC<\/p>\n","protected":false},"excerpt":{"rendered":"<p>&nbsp;&nbsp;diariodominicano.com En cumplimiento a los protocolos de distanciamiento, la universidad realizar\u00e1 dos actos de graduaci\u00f3n, uno a las 10:00 de la ma\u00f1ana y el otro a las 4:00 de la tarde&nbsp;este s\u00e1bado 20 de noviembre en el Centro de Convenciones de Sansouci&nbsp; Santo Domingo, R. D., 20 de noviembre, 2021.\u2013 Cristian Reyna Tejada, presidente del [&hellip;]<\/p>\n","protected":false},"author":5,"featured_media":309584,"comment_status":"closed","ping_status":"","sticky":true,"template":"","format":"standard","meta":{"footnotes":""},"categories":[20,27],"tags":[],"class_list":["post-309577","post","type-post","status-publish","format-standard","has-post-thumbnail","hentry","category-dominicana-hoy","category-portada"],"_links":{"self":[{"href":"https:\/\/diariodominicano.com\/index.php?rest_route=\/wp\/v2\/posts\/309577","targetHints":{"allow":["GET"]}}],"collection":[{"href":"https:\/\/diariodominicano.com\/index.php?rest_route=\/wp\/v2\/posts"}],"about":[{"href":"https:\/\/diariodominicano.com\/index.php?rest_route=\/wp\/v2\/types\/post"}],"author":[{"embeddable":true,"href":"https:\/\/diariodominicano.com\/index.php?rest_route=\/wp\/v2\/users\/5"}],"replies":[{"embeddable":true,"href":"https:\/\/diariodominicano.com\/index.php?rest_route=%2Fwp%2Fv2%2Fcomments&post=309577"}],"version-history":[{"count":2,"href":"https:\/\/diariodominicano.com\/index.php?rest_route=\/wp\/v2\/posts\/309577\/revisions"}],"predecessor-version":[{"id":309593,"href":"https:\/\/diariodominicano.com\/index.php?rest_route=\/wp\/v2\/posts\/309577\/revisions\/309593"}],"wp:featuredmedia":[{"embeddable":true,"href":"https:\/\/diariodominicano.com\/index.php?rest_route=\/wp\/v2\/media\/309584"}],"wp:attachment":[{"href":"https:\/\/diariodominicano.com\/index.php?rest_route=%2Fwp%2Fv2%2Fmedia&parent=309577"}],"wp:term":[{"taxonomy":"category","embeddable":true,"href":"https:\/\/diariodominicano.com\/index.php?rest_route=%2Fwp%2Fv2%2Fcategories&post=309577"},{"taxonomy":"post_tag","embeddable":true,"href":"https:\/\/diariodominicano.com\/index.php?rest_route=%2Fwp%2Fv2%2Ftags&post=309577"}],"curies":[{"name":"wp","href":"https:\/\/api.w.org\/{rel}","templated":true}]}}