{"id":309574,"date":"2021-11-20T08:28:42","date_gmt":"2021-11-20T12:28:42","guid":{"rendered":"http:\/\/diariodominicano.com\/?p=309574"},"modified":"2021-11-20T08:28:42","modified_gmt":"2021-11-20T12:28:42","slug":"cientificos-afirman-que-aumentaran-casos-de-covid-19-en-ee-uu-segun-the-guardian","status":"publish","type":"post","link":"https:\/\/diariodominicano.com\/?p=309574","title":{"rendered":"Cient\u00edficos afirman que aumentar\u00e1n casos de COVID-19 en EE.UU., seg\u00fan The Guardian"},"content":{"rendered":"\n<h3 class=\"wp-block-heading\">diariodominicano.com<\/h3>\n\n\n\n<pre id=\"text-news-description\" class=\"wp-block-preformatted\">   LONDRES, 20 nov (Xinhua) -- Los cient\u00edficos han dicho que Estados Unidos podr\u00eda sufrir aumentos significativos en los casos de COVID-19 este invierno, particularmente en las regiones m\u00e1s fr\u00edas del pa\u00eds, inform\u00f3 el jueves The Guardian.\n   El documento afirma que un fuerte aumento en los casos de COVID-19 en Europa deber\u00eda servir como una advertencia para Estados Unidos porque solo el 58.6 por ciento de la poblaci\u00f3n estadounidense est\u00e1 vacunada, una tasa m\u00e1s baja que las de vacunaci\u00f3n en algunas naciones europeas que ahora luchan contra el crecimiento de casos, como Alemania y Francia.\n   Adem\u00e1s, The Guardian tambi\u00e9n dijo que la distribuci\u00f3n de la vacuna es muy desigual en Estados Unidos, lo que podr\u00eda empeorar el problema.\n   El Dr. Peter Hotez, decano de la Escuela Nacional de Medicina Tropical de la Facultad de Medicina Baylor y codirector del centro para el desarrollo de vacunas del Hospital de Ni\u00f1os de Texas, vaticin\u00f3 que \"parece estar empezando una ola invernal bastante mala\".\n   \"Hay demasiadas personas no vacunadas o parcialmente vacunadas\" para hacer frente a la variante \"agresiva\" de Delta, dijo Hotez. <\/pre>\n","protected":false},"excerpt":{"rendered":"<p>diariodominicano.com LONDRES, 20 nov (Xinhua) &#8212; Los cient\u00edficos han dicho que Estados Unidos podr\u00eda sufrir aumentos significativos en los casos de COVID-19 este invierno, particularmente en las regiones m\u00e1s fr\u00edas del pa\u00eds, inform\u00f3 el jueves The Guardian. El documento afirma que un fuerte aumento en los casos de COVID-19 en Europa deber\u00eda servir como una [&hellip;]<\/p>\n","protected":false},"author":5,"featured_media":309575,"comment_status":"closed","ping_status":"","sticky":true,"template":"","format":"standard","meta":{"footnotes":""},"categories":[23,27],"tags":[],"class_list":["post-309574","post","type-post","status-publish","format-standard","has-post-thumbnail","hentry","category-internacional","category-portada"],"_links":{"self":[{"href":"https:\/\/diariodominicano.com\/index.php?rest_route=\/wp\/v2\/posts\/309574","targetHints":{"allow":["GET"]}}],"collection":[{"href":"https:\/\/diariodominicano.com\/index.php?rest_route=\/wp\/v2\/posts"}],"about":[{"href":"https:\/\/diariodominicano.com\/index.php?rest_route=\/wp\/v2\/types\/post"}],"author":[{"embeddable":true,"href":"https:\/\/diariodominicano.com\/index.php?rest_route=\/wp\/v2\/users\/5"}],"replies":[{"embeddable":true,"href":"https:\/\/diariodominicano.com\/index.php?rest_route=%2Fwp%2Fv2%2Fcomments&post=309574"}],"version-history":[{"count":1,"href":"https:\/\/diariodominicano.com\/index.php?rest_route=\/wp\/v2\/posts\/309574\/revisions"}],"predecessor-version":[{"id":309576,"href":"https:\/\/diariodominicano.com\/index.php?rest_route=\/wp\/v2\/posts\/309574\/revisions\/309576"}],"wp:featuredmedia":[{"embeddable":true,"href":"https:\/\/diariodominicano.com\/index.php?rest_route=\/wp\/v2\/media\/309575"}],"wp:attachment":[{"href":"https:\/\/diariodominicano.com\/index.php?rest_route=%2Fwp%2Fv2%2Fmedia&parent=309574"}],"wp:term":[{"taxonomy":"category","embeddable":true,"href":"https:\/\/diariodominicano.com\/index.php?rest_route=%2Fwp%2Fv2%2Fcategories&post=309574"},{"taxonomy":"post_tag","embeddable":true,"href":"https:\/\/diariodominicano.com\/index.php?rest_route=%2Fwp%2Fv2%2Ftags&post=309574"}],"curies":[{"name":"wp","href":"https:\/\/api.w.org\/{rel}","templated":true}]}}