{"id":309528,"date":"2021-11-19T23:27:46","date_gmt":"2021-11-20T03:27:46","guid":{"rendered":"http:\/\/diariodominicano.com\/?p=309528"},"modified":"2021-11-20T01:09:49","modified_gmt":"2021-11-20T05:09:49","slug":"margarita-cedeno-rd-demanda-de-un-gobierno-que-devuelva-la-seguridad-ante-retroceso-en-las-condiciones-de-vida-de-la-poblacion","status":"publish","type":"post","link":"https:\/\/diariodominicano.com\/?p=309528","title":{"rendered":"Margarita Cede\u00f1o: RD demanda de un gobierno que devuelva la seguridad ante retroceso en las condiciones de vida de la poblaci\u00f3n"},"content":{"rendered":"\n<p><strong>Santo Domingo, RD.- <\/strong>En opini\u00f3n de la ex Vicepresidenta Margarita Cede\u00f1o, Rep\u00fablica Dominicana requiere con urgencia un gobierno que sea capaz de afrontar con \u00e9xitos los problemas que afectan a los dominicanos, ofreci\u00e9ndoles seguridad de retomar el camino para mejorar sus condiciones materiales de vida.<\/p>\n\n\n\n<p><\/p>\n\n\n\n<p> Margarita Cede\u00f1o, dijo que la actual administraci\u00f3n gubernamental ha provocado un retroceso respecto a los avances alcanzados en la reducci\u00f3n de la pobreza y la desigualdad social.<\/p>\n\n\n\n<p>A su juicio, no pasa desapercibido el hecho de que en los gobiernos pelede\u00edstas se logr\u00f3 la casi eliminaci\u00f3n de la pobreza extrema, \u201cun logro reconocido y elogiado por organismos internacionales\u201d.<\/p>\n\n\n\n<p>\u201cDesafortunadamente el pa\u00eds est\u00e1 conducido por mal camino, por lo que se va a necesitar, para el a\u00f1o 2024, un gobierno que ofrezca seguridades en alimentaci\u00f3n, educaci\u00f3n, salud, seguridad ciudadana, seguridad social y los dem\u00e1s \u00e1mbitos que generan bienestar al pueblo\u201d, expres\u00f3.<\/p>\n\n\n\n<p>La ex vicepresidenta de la Rep\u00fablica habl\u00f3 en  el municipio Santo Domingo Oeste, donde recibi\u00f3 un s\u00f3lido respaldo de dirigentes pelede\u00edstas y sociales de los sectores El Libertador, Enriquillo, Las Palmas, San Miguel, Manoguayabo e Iv\u00e1n Klang. Igual respaldo hab\u00eda conseguido en la v\u00edspera en La Cuaba, La Gu\u00e1yiga y Pedro Brand.<\/p>\n\n\n\n<p><strong>Se siente candidata<\/strong><\/p>\n\n\n\n<p><strong>Cede\u00f1o dijo que a partir del gran respaldo que recibe de gran parte de la poblaci\u00f3n dominicana, ya se siente la candidata presidencial del PLD para las elecciones del a\u00f1o 2024.<\/strong><\/p>\n\n\n\n<p>Afirm\u00f3 que desde la Presidencia de la Rep\u00fablica pondr\u00e1 su experiencia de Estado y total empe\u00f1o para que el pueblo dominicano retome el camino del bienestar alcanzados durante las gestiones de los gobiernos pelede\u00edstas.<\/p>\n\n\n\n<p>Nos enfocaremos en ofrecer bienestar colectivo ante la amenaza del incremento de la pobreza a niveles nunca vistos, agreg\u00f3, enfatizando las pol\u00edticas sociales en los segmentos poblacionales m\u00e1s vulnerables.<\/p>\n\n\n\n<p>Destac\u00f3 que ella representa esa nueva visi\u00f3n de liderazgo renovado, cercano, inclusivo y solidario a que aspira en la actual coyuntura la sociedad dominicana.<\/p>\n","protected":false},"excerpt":{"rendered":"<p>Santo Domingo, RD.- En opini\u00f3n de la ex Vicepresidenta Margarita Cede\u00f1o, Rep\u00fablica Dominicana requiere con urgencia un gobierno que sea capaz de afrontar con \u00e9xitos los problemas que afectan a los dominicanos, ofreci\u00e9ndoles seguridad de retomar el camino para mejorar sus condiciones materiales de vida. Margarita Cede\u00f1o, dijo que la actual administraci\u00f3n gubernamental ha provocado [&hellip;]<\/p>\n","protected":false},"author":2,"featured_media":309530,"comment_status":"closed","ping_status":"","sticky":true,"template":"","format":"standard","meta":{"footnotes":""},"categories":[22,27],"tags":[],"class_list":["post-309528","post","type-post","status-publish","format-standard","has-post-thumbnail","hentry","category-politica","category-portada"],"_links":{"self":[{"href":"https:\/\/diariodominicano.com\/index.php?rest_route=\/wp\/v2\/posts\/309528","targetHints":{"allow":["GET"]}}],"collection":[{"href":"https:\/\/diariodominicano.com\/index.php?rest_route=\/wp\/v2\/posts"}],"about":[{"href":"https:\/\/diariodominicano.com\/index.php?rest_route=\/wp\/v2\/types\/post"}],"author":[{"embeddable":true,"href":"https:\/\/diariodominicano.com\/index.php?rest_route=\/wp\/v2\/users\/2"}],"replies":[{"embeddable":true,"href":"https:\/\/diariodominicano.com\/index.php?rest_route=%2Fwp%2Fv2%2Fcomments&post=309528"}],"version-history":[{"count":2,"href":"https:\/\/diariodominicano.com\/index.php?rest_route=\/wp\/v2\/posts\/309528\/revisions"}],"predecessor-version":[{"id":309532,"href":"https:\/\/diariodominicano.com\/index.php?rest_route=\/wp\/v2\/posts\/309528\/revisions\/309532"}],"wp:featuredmedia":[{"embeddable":true,"href":"https:\/\/diariodominicano.com\/index.php?rest_route=\/wp\/v2\/media\/309530"}],"wp:attachment":[{"href":"https:\/\/diariodominicano.com\/index.php?rest_route=%2Fwp%2Fv2%2Fmedia&parent=309528"}],"wp:term":[{"taxonomy":"category","embeddable":true,"href":"https:\/\/diariodominicano.com\/index.php?rest_route=%2Fwp%2Fv2%2Fcategories&post=309528"},{"taxonomy":"post_tag","embeddable":true,"href":"https:\/\/diariodominicano.com\/index.php?rest_route=%2Fwp%2Fv2%2Ftags&post=309528"}],"curies":[{"name":"wp","href":"https:\/\/api.w.org\/{rel}","templated":true}]}}