{"id":309524,"date":"2021-11-19T23:15:02","date_gmt":"2021-11-20T03:15:02","guid":{"rendered":"http:\/\/diariodominicano.com\/?p=309524"},"modified":"2021-11-19T23:15:02","modified_gmt":"2021-11-20T03:15:02","slug":"presidente-luis-abinader-visitara-bahoruco-y-barahona-este-fin-de-semana","status":"publish","type":"post","link":"https:\/\/diariodominicano.com\/?p=309524","title":{"rendered":"Presidente Luis Abinader visitar\u00e1 Bahoruco y Barahona este fin de semana"},"content":{"rendered":"\n<p>diariodominicano.com<\/p>\n\n\n\n<p>Santo Domingo, R. D.,  19 de noviembre, 2021.- Durante los d\u00edas s\u00e1bado 20 y domingo 21 de noviembre, el presidente Luis Abinader viajar\u00e1 al sur del pa\u00eds para cumplir con una amplia agenda de trabajo en las provincias Bahoruco y Barahona.<\/p>\n\n\n\n<p><strong>S\u00e1bado&nbsp;20<\/strong><\/p>\n\n\n\n<p>El primer compromiso del mandatario es el s\u00e1bado a las 10 de la ma\u00f1ana en Bahoruco, donde encabezar\u00e1 una visita al Hospital de Galv\u00e1n.<\/p>\n\n\n\n<p>Luego encabezar\u00e1 el primer palazo para la remodelaci\u00f3n del Balneario Las Mar\u00edas y, posteriormente, sostendr\u00e1 una reuni\u00f3n con la comisi\u00f3n de Fomento y Tecnificaci\u00f3n del Sistema de Gesti\u00f3n de Riego que dirige Claudio Caama\u00f1o. M\u00e1s tarde, presidir\u00e1 un Consejo de Ministros.<\/p>\n\n\n\n<p>Al concluir las actividades pautadas en Bahoruco, se trasladar\u00e1 a Barahona donde encabezar\u00e1 los actos de remozamiento de las playas Los Patos y El Quemaito y terminar\u00e1 con una reuni\u00f3n privada.<\/p>\n\n\n\n<p><strong>Domingo&nbsp;21<\/strong><\/p>\n\n\n\n<p>El jefe de Estado continuar\u00e1 desarrollando su agenda en Barahona, iniciando a las 10 de la ma\u00f1ana con el primer picazo para la construcci\u00f3n de la carretera Barahona-Enriquillo.<\/p>\n\n\n\n<p>M\u00e1s adelante encabezar\u00e1 la inauguraci\u00f3n de una escuela, y seguida con el primer picazo de un programa de arreglo de viviendas.<\/p>\n\n\n\n<p>Continuar\u00e1 el recorrido presidiendo el primer palazo del programa Pinta Tu Barrio, para luego asistir a un almuerzo con el Comit\u00e9 de Desarrollo y Cl\u00faster Tur\u00edstico. Finalizar\u00e1 su agenda con el primer picazo para un proyecto de construcci\u00f3n de viviendas.<\/p>\n\n\n\n<p>Fuente: Direcci\u00f3n de Estrategia y Comunicaci\u00f3n Gubernamental<\/p>\n\n\n\n<p>Ministerio Administrativo de la Presidencia de la Rep\u00fablica Dominicana<\/p>\n","protected":false},"excerpt":{"rendered":"<p>diariodominicano.com Santo Domingo, R. D., 19 de noviembre, 2021.- Durante los d\u00edas s\u00e1bado 20 y domingo 21 de noviembre, el presidente Luis Abinader viajar\u00e1 al sur del pa\u00eds para cumplir con una amplia agenda de trabajo en las provincias Bahoruco y Barahona. S\u00e1bado&nbsp;20 El primer compromiso del mandatario es el s\u00e1bado a las 10 de [&hellip;]<\/p>\n","protected":false},"author":5,"featured_media":309525,"comment_status":"closed","ping_status":"","sticky":true,"template":"","format":"standard","meta":{"footnotes":""},"categories":[20,27],"tags":[],"class_list":["post-309524","post","type-post","status-publish","format-standard","has-post-thumbnail","hentry","category-dominicana-hoy","category-portada"],"_links":{"self":[{"href":"https:\/\/diariodominicano.com\/index.php?rest_route=\/wp\/v2\/posts\/309524","targetHints":{"allow":["GET"]}}],"collection":[{"href":"https:\/\/diariodominicano.com\/index.php?rest_route=\/wp\/v2\/posts"}],"about":[{"href":"https:\/\/diariodominicano.com\/index.php?rest_route=\/wp\/v2\/types\/post"}],"author":[{"embeddable":true,"href":"https:\/\/diariodominicano.com\/index.php?rest_route=\/wp\/v2\/users\/5"}],"replies":[{"embeddable":true,"href":"https:\/\/diariodominicano.com\/index.php?rest_route=%2Fwp%2Fv2%2Fcomments&post=309524"}],"version-history":[{"count":1,"href":"https:\/\/diariodominicano.com\/index.php?rest_route=\/wp\/v2\/posts\/309524\/revisions"}],"predecessor-version":[{"id":309526,"href":"https:\/\/diariodominicano.com\/index.php?rest_route=\/wp\/v2\/posts\/309524\/revisions\/309526"}],"wp:featuredmedia":[{"embeddable":true,"href":"https:\/\/diariodominicano.com\/index.php?rest_route=\/wp\/v2\/media\/309525"}],"wp:attachment":[{"href":"https:\/\/diariodominicano.com\/index.php?rest_route=%2Fwp%2Fv2%2Fmedia&parent=309524"}],"wp:term":[{"taxonomy":"category","embeddable":true,"href":"https:\/\/diariodominicano.com\/index.php?rest_route=%2Fwp%2Fv2%2Fcategories&post=309524"},{"taxonomy":"post_tag","embeddable":true,"href":"https:\/\/diariodominicano.com\/index.php?rest_route=%2Fwp%2Fv2%2Ftags&post=309524"}],"curies":[{"name":"wp","href":"https:\/\/api.w.org\/{rel}","templated":true}]}}