{"id":309520,"date":"2021-11-19T23:10:51","date_gmt":"2021-11-20T03:10:51","guid":{"rendered":"http:\/\/diariodominicano.com\/?p=309520"},"modified":"2021-11-19T23:10:51","modified_gmt":"2021-11-20T03:10:51","slug":"spotlight-una-iniciativa-contra-la-violencia-de-genero-durante-la-pandemia-de-covid-19","status":"publish","type":"post","link":"https:\/\/diariodominicano.com\/?p=309520","title":{"rendered":"Spotlight, una iniciativa contra la violencia de g\u00e9nero durante la pandemia de COVID-19"},"content":{"rendered":"\n<p>diariodominicano.com<\/p>\n\n\n\n<p>New York, 19 de noviembre, 2021 (Noticias ONU).-  El impacto del COVID-19 exacerba la violencia contra las mujeres y las ni\u00f1as en un contexto de nuevas y sostenidas agresiones contra los derechos de las mujeres en todo el mundo. La ONU afirma que hoy m\u00e1s que nunca hace falta una acci\u00f3n centrada en proteger los logros obtenidos y prevenir retrocesos.<\/p>\n\n\n\n<p>A pesar de los cierres y restricciones debidos al coronavirus, unas&nbsp;<strong>650.000 mujeres y ni\u00f1as recibieron servicios de violencia de g\u00e9nero<\/strong>&nbsp;a trav\u00e9s de un programa conjunto de la ONU y la Uni\u00f3n Europea (UE) que busca erradicar una de las violaciones de derechos humanos m\u00e1s frecuentes.<\/p>\n\n\n\n<p>Este es s\u00f3lo uno de los logros detallados en el informe de impacto de la&nbsp;<a href=\"https:\/\/spotlightinitiative.org\/es\" target=\"_blank\" rel=\"noreferrer noopener\">Iniciativa&nbsp;<em>Spotlight<\/em><\/a>&nbsp;correspondiente al periodo 2020-2021, presentado este viernes en Nueva York.<\/p>\n\n\n\n<p>El documento&nbsp;<a href=\"https:\/\/spotlightinitiative.org\/sites\/default\/files\/publication\/Rising_to_the_challenge_ENG.pdf\" target=\"_blank\" rel=\"noreferrer noopener\"><em>Rising to the challenge<\/em><\/a>&nbsp;(Haciendo frente al desaf\u00edo) detalla c\u00f3mo los socios de la Iniciativa ajustaron r\u00e1pidamente los programas durante la crisis mundial para abordar la pandemia oculta de la violencia contra las mujeres y las ni\u00f1as.<\/p>\n\n\n\n<p>\u201cEl impacto del&nbsp;<a href=\"https:\/\/news.un.org\/es\/events\/cobertura-especial-de-noticias-onu-sobre-el-coronavirus\">COVID-19<\/a>&nbsp;contin\u00faa exacerbando la violencia contra las mujeres y las ni\u00f1as en un contexto de&nbsp;<strong>nuevas y sostenidas agresiones contra los derechos de las mujeres<\/strong>&nbsp;en todo el mundo\u201d, dijo Sima Bahous, directora ejecutiva de&nbsp;<a href=\"http:\/\/www.unwomen.org\/es\">ONU Mujeres<\/a>, que apoya a los gobiernos en el logro de la igualdad de g\u00e9nero.<\/p>\n\n\n\n<p>\u201cAhora m\u00e1s que nunca necesitamos una acci\u00f3n centrada en\u00a0<strong>proteger los logros obtenidos<\/strong>\u00a0y prevenir retrocesos\u201d, enfatiz\u00f3 Bahous.<\/p>\n\n\n\n<p>Esfuerzo mundial<\/p>\n\n\n\n<p>La Iniciativa&nbsp;<em>Spotlight&nbsp;<\/em>es el&nbsp;<strong>mayor esfuerzo<\/strong>&nbsp;concertado a nivel mundial para poner fin a todas las formas de violencia contra las mujeres y las ni\u00f1as.<\/p>\n\n\n\n<div class=\"wp-block-image\"><figure class=\"alignleft size-large is-resized\"><img loading=\"lazy\" decoding=\"async\" src=\"https:\/\/diariodominicano.com\/wp-content\/uploads\/2021\/11\/Onu-Cuba19-11-21-1024x464.jpg\" alt=\"\" class=\"wp-image-309522\" width=\"357\" height=\"162\" srcset=\"https:\/\/diariodominicano.com\/wp-content\/uploads\/2021\/11\/Onu-Cuba19-11-21-1024x464.jpg 1024w, https:\/\/diariodominicano.com\/wp-content\/uploads\/2021\/11\/Onu-Cuba19-11-21-300x136.jpg 300w, https:\/\/diariodominicano.com\/wp-content\/uploads\/2021\/11\/Onu-Cuba19-11-21-768x348.jpg 768w, https:\/\/diariodominicano.com\/wp-content\/uploads\/2021\/11\/Onu-Cuba19-11-21-816x370.jpg 816w, https:\/\/diariodominicano.com\/wp-content\/uploads\/2021\/11\/Onu-Cuba19-11-21.jpg 1170w\" sizes=\"auto, (max-width: 357px) 100vw, 357px\" \/><\/figure><\/div>\n\n\n\n<p>Adem\u00e1s de ampliar los servicios durante la pandemia,&nbsp;<em>Spotlight<\/em>&nbsp;ayud\u00f3 a las organizaciones de la sociedad civil a adaptarse r\u00e1pidamente al entorno cambiante y a&nbsp;<strong>fortalecer los servicios a distancia<\/strong>&nbsp;como la teleasistencia y las l\u00edneas directas.<\/p>\n\n\n\n<p>Los fondos tambi\u00e9n se reasignaron para dar un mayor respaldo a las organizaciones locales y de base. Hasta la fecha se han\u00a0<strong>desembolsado 146 millones de d\u00f3lares<\/strong>\u00a0con este prop\u00f3sito.<\/p>\n\n\n\n<p>Educaci\u00f3n a hombres y ni\u00f1os<\/p>\n\n\n\n<p>Una de las labores de la Iniciativa fue brindar educaci\u00f3n unos&nbsp;<strong>880.000 hombres y ni\u00f1os sobre la masculinidad<\/strong>&nbsp;positiva, las relaciones familiares respetuosas, la resoluci\u00f3n sin violencia de los conflictos y la paternidad.<\/p>\n\n\n\n<p>Henrietta Fore, directora ejecutiva del Fondo de las Naciones Unidas para la Infancia (<a href=\"https:\/\/www.unicef.org\/es\">UNICEF<\/a>), dio cuenta de algunas de las actividades en diversas partes del mundo.<\/p>\n\n\n\n<p>\u201cEn Malawi estamos trabajando con organizaciones comunitarias y socios de los medios de comunicaci\u00f3n para\u00a0<strong>crear conciencia entre los educadores<\/strong>, los j\u00f3venes y especialmente los ni\u00f1os. Estos esfuerzos est\u00e1n ayudando a aumentar la denuncia y dando a las ni\u00f1as y mujeres un apoyo m\u00e1s r\u00e1pido y eficaz\u201d, explic\u00f3.<\/p>\n\n\n\n<p>Leyes m\u00e1s estrictas<\/p>\n\n\n\n<p>La violencia contra las mujeres y las ni\u00f1as, que existe en todas las sociedades, a menudo se ve&nbsp;<strong>agravada por otras crisis humanitarias&nbsp;<\/strong>y s\u00f3lo se ha intensificado durante la pandemia.<\/p>\n\n\n\n<p>Achim Steiner, administrador del&nbsp;<a href=\"http:\/\/www.undp.org\/content\/undp\/es\/home.html\">Programa de las Naciones Unidas para el Desarrollo<\/a>&nbsp;(PNUD), afirm\u00f3 que aunque las estrategias y los marcos legales s\u00f3lidos no garantizan el fin de la violencia de g\u00e9nero, \u201c<strong>son esenciales<\/strong>&nbsp;para hacer mella en este flagelo mundial\u201d.<\/p>\n\n\n\n<p>Cit\u00f3 como ejemplo que la Iniciativa&nbsp;<em>Spotlight<\/em>&nbsp;<strong>ha ayudado a 17 pa\u00edses latinoamericanos<\/strong>&nbsp;a incorporar plenamente el feminicidio en sus c\u00f3digos penales y a agregar cl\u00e1usulas que castigan severamente a los perpetradores.<\/p>\n\n\n\n<p>\u201cTambi\u00e9n hemos trabajado con miles de parlamentarios en la creaci\u00f3n de un\u00a0<strong>rastreador de g\u00e9nero<\/strong>\u00a0de respuesta global en el entorno de la pandemia para que los legisladores y los responsables de la formulaci\u00f3n de pol\u00edticas identifiquen de inmediato las mejores pr\u00e1cticas para combatir la violencia contra las mujeres. Asimismo, colaboramos con m\u00e1s de mil organizaciones locales de mujeres\u201d, apunt\u00f3.<\/p>\n\n\n\n<p>Empezar por casa<\/p>\n\n\n\n<p>Para aprovechar los logros alcanzados hasta ahora, la Uni\u00f3n Europea y la ONU han decidido desarrollar una Plataforma Global&nbsp;<em>Spotlight<\/em>&nbsp;que combina un centro de conocimiento, una comunidad de pr\u00e1ctica y un \u201cinstrumento de promoci\u00f3n\u201d basado en la experiencia obtenida a trav\u00e9s de la iniciativa.<\/p>\n\n\n\n<p>Olaf Skoog, embajador de la delegaci\u00f3n del bloque europeo, sostuvo que a pesar de que los incidentes de violencia contra mujeres y ni\u00f1as en todo el mundo han sido devastadores, la asociaci\u00f3n ha arrojado&nbsp;<strong>resultados impresionantes.<\/strong><\/p>\n\n\n\n<p>\u201cSiempre decimos que si queremos hacer un mundo mejor, tenemos que empezar por casa. Y aqu\u00ed en la ONU, estamos ocupados a diario tratando de resolver los principales conflictos del mundo. Pero parte de eso tiene que ser que somos muy eficaces en la lucha contra la violencia en nuestras propias sociedades, y&nbsp;<strong>ninguna sociedad est\u00e1 libre de esta dif\u00edcil situaci\u00f3n<\/strong>\u201d, subray\u00f3.<\/p>\n","protected":false},"excerpt":{"rendered":"<p>UNICEF<br \/>\nNi\u00f1as salvadore\u00f1as participantes de una campa\u00f1a contra la violencia que asola a mujeres y ni\u00f1as en todo el mundo<\/p>\n","protected":false},"author":5,"featured_media":309521,"comment_status":"closed","ping_status":"","sticky":true,"template":"","format":"standard","meta":{"footnotes":""},"categories":[23,27],"tags":[],"class_list":["post-309520","post","type-post","status-publish","format-standard","has-post-thumbnail","hentry","category-internacional","category-portada"],"_links":{"self":[{"href":"https:\/\/diariodominicano.com\/index.php?rest_route=\/wp\/v2\/posts\/309520","targetHints":{"allow":["GET"]}}],"collection":[{"href":"https:\/\/diariodominicano.com\/index.php?rest_route=\/wp\/v2\/posts"}],"about":[{"href":"https:\/\/diariodominicano.com\/index.php?rest_route=\/wp\/v2\/types\/post"}],"author":[{"embeddable":true,"href":"https:\/\/diariodominicano.com\/index.php?rest_route=\/wp\/v2\/users\/5"}],"replies":[{"embeddable":true,"href":"https:\/\/diariodominicano.com\/index.php?rest_route=%2Fwp%2Fv2%2Fcomments&post=309520"}],"version-history":[{"count":1,"href":"https:\/\/diariodominicano.com\/index.php?rest_route=\/wp\/v2\/posts\/309520\/revisions"}],"predecessor-version":[{"id":309523,"href":"https:\/\/diariodominicano.com\/index.php?rest_route=\/wp\/v2\/posts\/309520\/revisions\/309523"}],"wp:featuredmedia":[{"embeddable":true,"href":"https:\/\/diariodominicano.com\/index.php?rest_route=\/wp\/v2\/media\/309521"}],"wp:attachment":[{"href":"https:\/\/diariodominicano.com\/index.php?rest_route=%2Fwp%2Fv2%2Fmedia&parent=309520"}],"wp:term":[{"taxonomy":"category","embeddable":true,"href":"https:\/\/diariodominicano.com\/index.php?rest_route=%2Fwp%2Fv2%2Fcategories&post=309520"},{"taxonomy":"post_tag","embeddable":true,"href":"https:\/\/diariodominicano.com\/index.php?rest_route=%2Fwp%2Fv2%2Ftags&post=309520"}],"curies":[{"name":"wp","href":"https:\/\/api.w.org\/{rel}","templated":true}]}}