{"id":309515,"date":"2021-11-19T23:00:43","date_gmt":"2021-11-20T03:00:43","guid":{"rendered":"http:\/\/diariodominicano.com\/?p=309515"},"modified":"2021-11-19T23:00:43","modified_gmt":"2021-11-20T03:00:43","slug":"la-primera-dama-y-la-directora-ejecutiva-del-inaipi-inician-servicios-de-un-nuevo-caipi-en-santiago","status":"publish","type":"post","link":"https:\/\/diariodominicano.com\/?p=309515","title":{"rendered":"La primera dama y la directora ejecutiva del Inaipi inician servicios de un nuevo Caipi en Santiago"},"content":{"rendered":"\n<p>diariodominicano.com<\/p>\n\n\n\n<p>Santiago, R. D.,  19 de noviembre, 2021.- La primera dama y presidenta honor\u00edfica del Gabinete de Ni\u00f1ez y Adolescencia, Raquel Arbaje, y la directora ejecutiva del Instituto Nacional de Atenci\u00f3n Integral a la Primera Infancia (Inaipi), Besaida Santana de B\u00e1ez, encabezaron la apertura de un nuevo Centro de Atenci\u00f3n Integral a la Primera Infancia (Caipi), en esta ciudad.<\/p>\n\n\n\n<p>El Caipi Francisco del Rosario S\u00e1nchez beneficiar\u00e1 a 250 ni\u00f1os y ni\u00f1as en edades entre 0 y 5 a\u00f1os, y sus familias, adem\u00e1s, impactar\u00e1 de forma positiva distintos sectores de este municipio.<\/p>\n\n\n\n<p>Arbaje dijo sentirse alegre porque cada vez que un Caipi abre sus puertas, cientos de ni\u00f1os y ni\u00f1as entre cero y cinco a\u00f1os entran a un mundo que marcar\u00e1 sus vidas.<\/p>\n\n\n\n<p>\u00abEn la medida que podamos abrir m\u00e1s centros Caipi estaremos d\u00e1ndoles a los ni\u00f1os y las ni\u00f1as un futuro promisorio\u00bb, a\u00f1adi\u00f3.<\/p>\n\n\n\n<p>En tanto que Santana de B\u00e1ez afirm\u00f3 que, con la entrega de este nuevo centro, el Estado contribuye con la ampliaci\u00f3n de la cobertura de servicios en favor de la primera infancia.<\/p>\n\n\n\n<p>Se\u00f1al\u00f3 tambi\u00e9n que es una muestra de que el presidente Luis Abinader trabaja en favor de los sectores en condiciones de vulnerabilidad.<\/p>\n\n\n\n<p>La directora ejecutiva del Inaipi reafirm\u00f3 el compromiso de continuar trabajando en favor la infancia y la familia con amor y entrega para formar personas en valores.<\/p>\n\n\n\n<p>Al hablar en representaci\u00f3n de las familias, Tiair\u00e9 Beatriz Garc\u00eda agradeci\u00f3 al presidente Abinader y a la directora del Inaipi por hacer realidad el anhelo de los padres de contar con un lugar donde se ofrecer\u00e1 a sus hijos cuidados de calidad y con seguridad.<\/p>\n\n\n\n<p>Al acto asistieron Ulises Rodr\u00edguez, director del Centro de Desarrollo y Competitividad Industrial (Proindustria); Andr\u00e9s Burgos L\u00f3pez, director de la Corporaci\u00f3n de Acueductos y Alcantarillado de Santiago (Coraasan); Marieta D\u00edaz, directora regional de Educaci\u00f3n; as\u00ed como las regidoras Mary Gonel y Daisy D\u00edaz, el empresario Arqu\u00edmedes Cabrera, entre otras destacadas personalidades de la ciudad coraz\u00f3n.<\/p>\n\n\n\n<p>Por el Inaipi asistieron las subdirectoras Yanett Rodr\u00edguez, de Gesti\u00f3n Institucional; Yanina Torres, de Gesti\u00f3n Operativa y Territorial y Harolin Almonte, de Relacionamiento Interinstitucional. Tambi\u00e9n Juan Polanco encargado de la regional Norte Occidental, as\u00ed como directores y encargados departamentales.<\/p>\n\n\n\n<p><strong>Sobre el Caipi<\/strong><\/p>\n\n\n\n<p>El nuevo centro que est\u00e1 ubicado en el sector Francisco del Rosario S\u00e1nchez, brindar\u00e1 servicios en horario de 7:30 de la ma\u00f1ana a 5:00 de la tarde y pertenece a la Red Ciruelito\/Camboya.<\/p>\n\n\n\n<p>Los ni\u00f1os y ni\u00f1as que asistan al nuevo centro recibir\u00e1n atenciones integrales, enfocadas en los componentes de estimulaci\u00f3n temprana y educaci\u00f3n inicial; salud y nutrici\u00f3n, detecci\u00f3n temprana de necesidades especiales o condici\u00f3n de discapacidad.<\/p>\n\n\n\n<p>Tambi\u00e9n, protecci\u00f3n contra el abuso y la violencia; registro de nacimiento e identidad, as\u00ed como promoci\u00f3n de la participaci\u00f3n de las familias y la comunidad.<\/p>\n\n\n\n<p>El centro impactar\u00e1 a las familias de infantes que viven en los sectores Francisco del Rosario S\u00e1nchez, Los Salados, Los Reyes, Camboya y Buenos Aires.<\/p>\n\n\n\n<p>El Caipi Francisco del Rosario S\u00e1nchez tiene salas para infantes de 45 d\u00edas de nacido a 1 a\u00f1o; salas de ni\u00f1os y ni\u00f1as de 1 a\u00f1o a 2 a\u00f1os; salas para atender a los infantes de 2 a\u00f1os a 3 a\u00f1os; as\u00ed como \u00e1reas para ofrecer servicios a los ni\u00f1os y ni\u00f1as de 3 a\u00f1os a 4 a\u00f1os y de 4 a\u00f1os a 5 a\u00f1os, respectivamente.<\/p>\n\n\n\n<p>Tambi\u00e9n cuenta con \u00e1rea de lactancia, cocina, comedor, lavander\u00eda, almac\u00e9n, \u00e1reas de juegos, de recepci\u00f3n, tres oficinas administrativas, 10 ba\u00f1os, tanto para infantes como para adultos, una enfermer\u00eda y un \u00e1rea de descarga.<\/p>\n\n\n\n<p>Fuente: Direcci\u00f3n de Estrategia y Comunicaci\u00f3n Gubernamental<\/p>\n\n\n\n<p>Ministerio Administrativo de la Presidencia de la Rep\u00fablica Dominicana<\/p>\n","protected":false},"excerpt":{"rendered":"<p>diariodominicano.com Santiago, R. D., 19 de noviembre, 2021.- La primera dama y presidenta honor\u00edfica del Gabinete de Ni\u00f1ez y Adolescencia, Raquel Arbaje, y la directora ejecutiva del Instituto Nacional de Atenci\u00f3n Integral a la Primera Infancia (Inaipi), Besaida Santana de B\u00e1ez, encabezaron la apertura de un nuevo Centro de Atenci\u00f3n Integral a la Primera Infancia [&hellip;]<\/p>\n","protected":false},"author":5,"featured_media":309518,"comment_status":"closed","ping_status":"","sticky":true,"template":"","format":"standard","meta":{"footnotes":""},"categories":[20,27],"tags":[],"class_list":["post-309515","post","type-post","status-publish","format-standard","has-post-thumbnail","hentry","category-dominicana-hoy","category-portada"],"_links":{"self":[{"href":"https:\/\/diariodominicano.com\/index.php?rest_route=\/wp\/v2\/posts\/309515","targetHints":{"allow":["GET"]}}],"collection":[{"href":"https:\/\/diariodominicano.com\/index.php?rest_route=\/wp\/v2\/posts"}],"about":[{"href":"https:\/\/diariodominicano.com\/index.php?rest_route=\/wp\/v2\/types\/post"}],"author":[{"embeddable":true,"href":"https:\/\/diariodominicano.com\/index.php?rest_route=\/wp\/v2\/users\/5"}],"replies":[{"embeddable":true,"href":"https:\/\/diariodominicano.com\/index.php?rest_route=%2Fwp%2Fv2%2Fcomments&post=309515"}],"version-history":[{"count":1,"href":"https:\/\/diariodominicano.com\/index.php?rest_route=\/wp\/v2\/posts\/309515\/revisions"}],"predecessor-version":[{"id":309519,"href":"https:\/\/diariodominicano.com\/index.php?rest_route=\/wp\/v2\/posts\/309515\/revisions\/309519"}],"wp:featuredmedia":[{"embeddable":true,"href":"https:\/\/diariodominicano.com\/index.php?rest_route=\/wp\/v2\/media\/309518"}],"wp:attachment":[{"href":"https:\/\/diariodominicano.com\/index.php?rest_route=%2Fwp%2Fv2%2Fmedia&parent=309515"}],"wp:term":[{"taxonomy":"category","embeddable":true,"href":"https:\/\/diariodominicano.com\/index.php?rest_route=%2Fwp%2Fv2%2Fcategories&post=309515"},{"taxonomy":"post_tag","embeddable":true,"href":"https:\/\/diariodominicano.com\/index.php?rest_route=%2Fwp%2Fv2%2Ftags&post=309515"}],"curies":[{"name":"wp","href":"https:\/\/api.w.org\/{rel}","templated":true}]}}