{"id":309512,"date":"2021-11-19T22:56:00","date_gmt":"2021-11-20T02:56:00","guid":{"rendered":"http:\/\/diariodominicano.com\/?p=309512"},"modified":"2021-11-20T01:09:33","modified_gmt":"2021-11-20T05:09:33","slug":"pld-la-secretaria-general-itinerante-va-este-fin-de-semana-a-seccionales-del-pld-en-estados-unidos","status":"publish","type":"post","link":"https:\/\/diariodominicano.com\/?p=309512","title":{"rendered":"PLD: La Secretaria General Itinerante\u00a0va este fin de semana a seccionales del\u00a0PLD en Estados Unidos"},"content":{"rendered":"\n<p><strong>Santo Domingo, RD.-<\/strong> <strong>El Partido de la Liberaci\u00f3n Dominicana (PLD)<\/strong>\u00a0\u00a0inform\u00f3 program\u00f3 para los d\u00edas s\u00e1bado 20 \u00a0y domingo 21 del corriente noviembre \u00a0tres asambleas en territorio de los Estados Unidos dentro del esquema de la Secretaria General Itinerante, desarrollado por\u00a0<strong>Charles Mariotti, como Secretario General del PLD<\/strong>, inform\u00f3 la Secretar\u00eda de Comunicaciones del PLD.<\/p>\n\n\n\n<p>Como los&nbsp; encuentros realizados en las 32 provincias del pa\u00eds y en las Circunscripciones Electorales del Gran Santo Dominio para estas asambleas &nbsp;est\u00e1n siendo &nbsp;&nbsp;convocados los miembros del Comit\u00e9 Central,&nbsp; las y &nbsp;los Presidentes de &nbsp;Comit\u00e9s de Seccionales y &nbsp;de Intermedios, &nbsp;siguiendo un &nbsp;formato interactivo, &nbsp;para recibir ideas y sugerencias para el buen funcionamiento del Partido en el exterior.<\/p>\n\n\n\n<p>Las asambleas se realizar\u00e1n el s\u00e1bado en horas de la noche en &nbsp;Pennsylvania en Conclio, &nbsp;de la &nbsp;141 E Hunting Park Ave, Philadelphia. El domingo se programaron sendos encuentros, el primero a media ma\u00f1ana en GB Banquet Hall, del &nbsp;&nbsp;&nbsp;&nbsp;&nbsp;&nbsp;&nbsp;&nbsp;&nbsp;&nbsp; 3534 Broadway Avenue, &nbsp;en New York y en horas de la tarde en El Cafecito Restaurante (Antiguo El Tr\u00f3pico) en &nbsp;&nbsp;&nbsp;&nbsp;&nbsp;&nbsp;&nbsp; 27 Park Avenue, Paterson.<\/p>\n\n\n\n<p><strong>Jos\u00e9 Joaqu\u00edn Mota, Frank Cortorreal, Marcos Montilla, presidente de los Comit\u00e9s Seccionales de Pennsylvania, New York y New Jersey<\/strong>&nbsp;han informado de las expectativas de la dirigencia del PLD en esos lugares para trabajar en la reorganizaci\u00f3n partidaria, acorde al mandato del IX Congreso Ordinario Jos\u00e9 Joaqu\u00edn Bid\u00f3 Medina.<\/p>\n\n\n\n<p>El titular de la Secretar\u00eda de Dominicanos en el Exterior,&nbsp;<strong>Alexis Lantigua<\/strong>, miembro del Comit\u00e9 Pol\u00edtico,&nbsp;<strong>Rafael Paz<\/strong>, del Comit\u00e9 Pol\u00edtico y el vicesecretario General,&nbsp;<strong>Bienvenido P\u00e9rez<\/strong>, &nbsp;acompa\u00f1an a Charles Mariotti en la direcci\u00f3n de estas asambleas.<\/p>\n\n\n\n<p>Cumpliendo el compromiso asumido de realizar una Secretar\u00eda General Itinerante, Charles Mariotti, ha participado en asambleas escuchando ideas, sugerencias y propuestas para la reorganizaci\u00f3n del PLD, tal y como determin\u00f3 su IX Congreso Ordinario Jos\u00e9 Joaqu\u00edn Bid\u00f3 Medina, recorriendo toda la geograf\u00eda nacional y en esta etapa en las seccionales del PLD en el exterior.<\/p>\n\n\n\n<p>Los comisionados de la direcci\u00f3n del PLD arribaron a Nueva York al mediod\u00eda del viernes, siendo recibidos por la dirigencia en los Estados Unidos, organizando entre ellos la agenda a seguir en las tres asambleas programadas en este fin de semana.<\/p>\n\n\n\n<p><strong>SECRETARIA DE COMUNICACIONES<\/strong><\/p>\n\n\n\n<p><strong>19 DE NOVIEMBRE, 2021.-<\/strong><\/p>\n","protected":false},"excerpt":{"rendered":"<p>Santo Domingo, RD.- El Partido de la Liberaci\u00f3n Dominicana (PLD)\u00a0\u00a0inform\u00f3 program\u00f3 para los d\u00edas s\u00e1bado 20 \u00a0y domingo 21 del corriente noviembre \u00a0tres asambleas en territorio de los Estados Unidos dentro del esquema de la Secretaria General Itinerante, desarrollado por\u00a0Charles Mariotti, como Secretario General del PLD, inform\u00f3 la Secretar\u00eda de Comunicaciones del PLD. Como los&nbsp; [&hellip;]<\/p>\n","protected":false},"author":2,"featured_media":309516,"comment_status":"closed","ping_status":"","sticky":true,"template":"","format":"standard","meta":{"footnotes":""},"categories":[22,27],"tags":[],"class_list":["post-309512","post","type-post","status-publish","format-standard","has-post-thumbnail","hentry","category-politica","category-portada"],"_links":{"self":[{"href":"https:\/\/diariodominicano.com\/index.php?rest_route=\/wp\/v2\/posts\/309512","targetHints":{"allow":["GET"]}}],"collection":[{"href":"https:\/\/diariodominicano.com\/index.php?rest_route=\/wp\/v2\/posts"}],"about":[{"href":"https:\/\/diariodominicano.com\/index.php?rest_route=\/wp\/v2\/types\/post"}],"author":[{"embeddable":true,"href":"https:\/\/diariodominicano.com\/index.php?rest_route=\/wp\/v2\/users\/2"}],"replies":[{"embeddable":true,"href":"https:\/\/diariodominicano.com\/index.php?rest_route=%2Fwp%2Fv2%2Fcomments&post=309512"}],"version-history":[{"count":3,"href":"https:\/\/diariodominicano.com\/index.php?rest_route=\/wp\/v2\/posts\/309512\/revisions"}],"predecessor-version":[{"id":309555,"href":"https:\/\/diariodominicano.com\/index.php?rest_route=\/wp\/v2\/posts\/309512\/revisions\/309555"}],"wp:featuredmedia":[{"embeddable":true,"href":"https:\/\/diariodominicano.com\/index.php?rest_route=\/wp\/v2\/media\/309516"}],"wp:attachment":[{"href":"https:\/\/diariodominicano.com\/index.php?rest_route=%2Fwp%2Fv2%2Fmedia&parent=309512"}],"wp:term":[{"taxonomy":"category","embeddable":true,"href":"https:\/\/diariodominicano.com\/index.php?rest_route=%2Fwp%2Fv2%2Fcategories&post=309512"},{"taxonomy":"post_tag","embeddable":true,"href":"https:\/\/diariodominicano.com\/index.php?rest_route=%2Fwp%2Fv2%2Ftags&post=309512"}],"curies":[{"name":"wp","href":"https:\/\/api.w.org\/{rel}","templated":true}]}}