{"id":309510,"date":"2021-11-19T22:50:50","date_gmt":"2021-11-20T02:50:50","guid":{"rendered":"http:\/\/diariodominicano.com\/?p=309510"},"modified":"2021-11-20T01:05:52","modified_gmt":"2021-11-20T05:05:52","slug":"condenan-a-tres-hombres-a-prision-por-delitos-sexuales-y-violencia-de-genero-en-san-pedro-de-macoris","status":"publish","type":"post","link":"https:\/\/diariodominicano.com\/?p=309510","title":{"rendered":"Condenan a tres hombres a prisi\u00f3n por delitos sexuales y violencia de g\u00e9nero en San Pedro de Macor\u00eds\u00a0\u00a0"},"content":{"rendered":"\n<p><strong>SAN PEDRO DE MACOR\u00cdS, (Rep\u00fablica Dominicana.-<\/strong>&nbsp;Sentencias condenatorias de 10 y cinco a\u00f1os de prisi\u00f3n les fueron impuestas por un tribunal de esta demarcaci\u00f3n a tres hombres acusados por el Ministerio P\u00fablico de cometer delitos sexuales y violencia de g\u00e9nero en distintos hechos. &nbsp;<\/p>\n\n\n\n<p>El Tribunal Colegiado de San Pedro de Macor\u00eds dict\u00f3 las sentencias en contra de Pedro Yan, quien fue condenado a 10 a\u00f1os de prisi\u00f3n por violar sexualmente a una mujer, mientras que Corpo Arturo de Le\u00f3n Henr\u00edquez y Heriberto Cordero Devers fueron hallados culpables de agresi\u00f3n sexual a una menor de edad y de violencia dom\u00e9stica, con una sentencia a cinco a\u00f1os de prisi\u00f3n a cada uno. &nbsp;<\/p>\n\n\n\n<p>La Unidad de Atenci\u00f3n Integral a la Violencia de G\u00e9nero, Intrafamiliar y Delitos Sexuales de San Pedro de Macor\u00eds recibi\u00f3 las denuncias, mientras que en los procesos, Pedro Adael Garc\u00eda de Pe\u00f1a, fiscal del Departamento de Litigaci\u00f3n Final,&nbsp;aport\u00f3 distintas pruebas testimoniales, documentales y periciales, que sirvieron de sustento a la acusaci\u00f3n. &nbsp;<\/p>\n\n\n\n<p>Los jueces Juan de la Cruz Rijo G\u00fc\u00edlamo, Esmirna Antonia Ortega Ventura, Magdelquis Yolanda Franco Pe\u00f1a, Kenia del Pilar Tav\u00e1rez Henr\u00edquez y Haydeliza Ram\u00edrez Henr\u00edquez dispusieron en juicios separados que los condenados cumplan las penas en el Centro de Correcci\u00f3n y Rehabilitaci\u00f3n de San Pedro de Macor\u00eds. &nbsp;<\/p>\n\n\n\n<p>El expediente instrumentado contra Pedro Yan se\u00f1ala que el 25 de junio de 2019, cuando se dirig\u00eda en una motocicleta con la v\u00edctima, se detuvo entre el distrito municipal Gautier y la comunidad Cruce de Cayacoa, momento en el que viol\u00f3 sexualmente y la amenaz\u00f3 de muerte.<\/p>\n\n\n\n<p>En el proceso contra Corpo Arturo de Le\u00f3n Henr\u00edquez las pruebas dejaron establecido que tom\u00f3 im\u00e1genes \u00edntimas a una ni\u00f1a de nueve a\u00f1os contra la que intent\u00f3 cometer abuso sexual f\u00edsico.<\/p>\n\n\n\n<p>Con respecto a Heriberto Cordero Devers, le caus\u00f3 traumas en la cabeza y en la boca a su pareja, en el sector INVI, de San Pedro de Macor\u00eds.<\/p>\n\n\n\n<p><strong>Direcci\u00f3n de Comunicaci\u00f3n y Prensa<\/strong><\/p>\n\n\n\n<p><strong>Procuradur\u00eda General-Ministerio P\u00fablico RD<\/strong><\/p>\n\n\n\n<p><strong>Viernes, 19&nbsp; de noviembre 2021<\/strong><\/p>\n","protected":false},"excerpt":{"rendered":"<p>SAN PEDRO DE MACOR\u00cdS, (Rep\u00fablica Dominicana.-&nbsp;Sentencias condenatorias de 10 y cinco a\u00f1os de prisi\u00f3n les fueron impuestas por un tribunal de esta demarcaci\u00f3n a tres hombres acusados por el Ministerio P\u00fablico de cometer delitos sexuales y violencia de g\u00e9nero en distintos hechos. &nbsp; El Tribunal Colegiado de San Pedro de Macor\u00eds dict\u00f3 las sentencias en [&hellip;]<\/p>\n","protected":false},"author":2,"featured_media":309551,"comment_status":"closed","ping_status":"","sticky":true,"template":"","format":"standard","meta":{"footnotes":""},"categories":[24,27],"tags":[],"class_list":["post-309510","post","type-post","status-publish","format-standard","has-post-thumbnail","hentry","category-justicia-y-derecho","category-portada"],"_links":{"self":[{"href":"https:\/\/diariodominicano.com\/index.php?rest_route=\/wp\/v2\/posts\/309510","targetHints":{"allow":["GET"]}}],"collection":[{"href":"https:\/\/diariodominicano.com\/index.php?rest_route=\/wp\/v2\/posts"}],"about":[{"href":"https:\/\/diariodominicano.com\/index.php?rest_route=\/wp\/v2\/types\/post"}],"author":[{"embeddable":true,"href":"https:\/\/diariodominicano.com\/index.php?rest_route=\/wp\/v2\/users\/2"}],"replies":[{"embeddable":true,"href":"https:\/\/diariodominicano.com\/index.php?rest_route=%2Fwp%2Fv2%2Fcomments&post=309510"}],"version-history":[{"count":3,"href":"https:\/\/diariodominicano.com\/index.php?rest_route=\/wp\/v2\/posts\/309510\/revisions"}],"predecessor-version":[{"id":309553,"href":"https:\/\/diariodominicano.com\/index.php?rest_route=\/wp\/v2\/posts\/309510\/revisions\/309553"}],"wp:featuredmedia":[{"embeddable":true,"href":"https:\/\/diariodominicano.com\/index.php?rest_route=\/wp\/v2\/media\/309551"}],"wp:attachment":[{"href":"https:\/\/diariodominicano.com\/index.php?rest_route=%2Fwp%2Fv2%2Fmedia&parent=309510"}],"wp:term":[{"taxonomy":"category","embeddable":true,"href":"https:\/\/diariodominicano.com\/index.php?rest_route=%2Fwp%2Fv2%2Fcategories&post=309510"},{"taxonomy":"post_tag","embeddable":true,"href":"https:\/\/diariodominicano.com\/index.php?rest_route=%2Fwp%2Fv2%2Ftags&post=309510"}],"curies":[{"name":"wp","href":"https:\/\/api.w.org\/{rel}","templated":true}]}}