{"id":309507,"date":"2021-11-19T22:55:32","date_gmt":"2021-11-20T02:55:32","guid":{"rendered":"http:\/\/diariodominicano.com\/?p=309507"},"modified":"2021-11-19T22:55:32","modified_gmt":"2021-11-20T02:55:32","slug":"isla-chilena-rapa-nui-se-abre-al-turismo-a-partir-de-febrero-de-2022","status":"publish","type":"post","link":"https:\/\/diariodominicano.com\/?p=309507","title":{"rendered":"Isla chilena Rapa Nui se abre al turismo a partir de febrero de 2022"},"content":{"rendered":"\n<h3 class=\"wp-block-heading\">diariodominicano.com<\/h3>\n\n\n\n<pre id=\"text-news-description\" class=\"wp-block-preformatted\">    SANTIAGO, 19 nov (Xinhua) -- La isla chilena de Rapa Nui, territorio insular ubicado en medio del oc\u00e9ano Pac\u00edfico, anunci\u00f3 hoy viernes que reanudar\u00e1 el turismo a partir de febrero de 2022, bajo estrictos protocolos sanitarios para prevenir contagios de la enfermedad del nuevo coronavirus (COVID-19), despu\u00e9s del cierre impuesto a las visitas en marzo de 2020 por la pandemia.\n   La municipalidad de Rapa Nui inform\u00f3 en un comunicado que a partir del 3 de febrero pr\u00f3ximo se reanudar\u00e1 los vuelos regulares a la isla para aquellos turistas que cuenten con su esquema completo de vacunaci\u00f3n contra la COVID-19, adem\u00e1s de una prueba negativa a la detecci\u00f3n del virus tomada en un m\u00e1ximo de 48 horas antes de embarcar el vuelo.\n   El alcalde Pedro Edmunds Paoa se\u00f1al\u00f3 que el cierre decretado el a\u00f1o anterior \"tuvo como base proteger a los habitantes de la isla del COVID-19, una amenaza sanitaria que hasta ese momento no ten\u00eda control a nivel mundial\".\n   Pero \"hoy la situaci\u00f3n cambi\u00f3 con un proceso de vacunaci\u00f3n que posibilita enfrentar los efectos de la pandemia con mayor resguardo, y con la instalaci\u00f3n de la cultura del autocuidado en la poblaci\u00f3n, lo cual llev\u00f3 a prospectar la mencionada apertura\" de la tambi\u00e9n denominada Isla de Pascua, que inici\u00f3 la inoculaci\u00f3n en febrero de 2021.\n   La autoridad de Salud de Valpara\u00edso, regi\u00f3n a la cual pertenece la isla a nivel administrativo, prev\u00e9 que el 80 por ciento de la poblaci\u00f3n isle\u00f1a, compuesta por m\u00e1s de 8.000 habitantes, mitad originarios y mitad extranjeros, est\u00e9 vacunada a febrero de 2022.\n   En los meses previos a la apertura se desarrollar\u00e1n en la isla una serie de tareas log\u00edsticas para facilitar el retorno de los vuelos regulares, suspendidos totalmente para visitantes y solo disponibles para el regreso de locales durante el periodo de emergencia sanitaria.\n   En paralelo, se revisar\u00e1n los protocolos de higiene de los servicios hoteleros y de alimentaci\u00f3n, adem\u00e1s de los parques nacionales, sitios sagrados y arqueol\u00f3gicos de inter\u00e9s para los visitantes, que ascienden a 5.800 por semana en temporada alta.\n   Tambi\u00e9n desplegar\u00e1n cuadrillas sanitarias en las escuelas, as\u00ed como apoyar el proceso de vacunaci\u00f3n, socioeducaci\u00f3n a las personas, acciones comunicacionales para promover las medidas de autocuidado y capacitaciones en torno al CAD (control de aislamiento domiciliario).\n   La determinaci\u00f3n de abrir la isla fue adoptada por los funcionarios municipales, pese a la consulta ciudadana realizada en octubre pasado, en la que un 66,7 por ciento descart\u00f3 retomar el turismo, con una votaci\u00f3n de 972 personas, que el alcalde consider\u00f3 \"una minor\u00eda\".\n   La municipalidad de Rapa Nui determin\u00f3 el 16 de marzo de 2020 clausurar la isla, con lo que cort\u00f3 la principal fuente econ\u00f3mica de los pascuenses.\n   La decisi\u00f3n se adopt\u00f3 despu\u00e9s de pesquisar cuatro casos de COVID-19, en una porci\u00f3n de tierra ubicada a 3.700 kil\u00f3metros del continente, que cuenta con un peque\u00f1o hospital local con tres ventiladores mec\u00e1nicos y ox\u00edgeno para solo un paciente. <\/pre>\n","protected":false},"excerpt":{"rendered":"<p>diariodominicano.com SANTIAGO, 19 nov (Xinhua) &#8212; La isla chilena de Rapa Nui, territorio insular ubicado en medio del oc\u00e9ano Pac\u00edfico, anunci\u00f3 hoy viernes que reanudar\u00e1 el turismo a partir de febrero de 2022, bajo estrictos protocolos sanitarios para prevenir contagios de la enfermedad del nuevo coronavirus (COVID-19), despu\u00e9s del cierre impuesto a las visitas en [&hellip;]<\/p>\n","protected":false},"author":5,"featured_media":309513,"comment_status":"closed","ping_status":"","sticky":true,"template":"","format":"standard","meta":{"footnotes":""},"categories":[23,27],"tags":[],"class_list":["post-309507","post","type-post","status-publish","format-standard","has-post-thumbnail","hentry","category-internacional","category-portada"],"_links":{"self":[{"href":"https:\/\/diariodominicano.com\/index.php?rest_route=\/wp\/v2\/posts\/309507","targetHints":{"allow":["GET"]}}],"collection":[{"href":"https:\/\/diariodominicano.com\/index.php?rest_route=\/wp\/v2\/posts"}],"about":[{"href":"https:\/\/diariodominicano.com\/index.php?rest_route=\/wp\/v2\/types\/post"}],"author":[{"embeddable":true,"href":"https:\/\/diariodominicano.com\/index.php?rest_route=\/wp\/v2\/users\/5"}],"replies":[{"embeddable":true,"href":"https:\/\/diariodominicano.com\/index.php?rest_route=%2Fwp%2Fv2%2Fcomments&post=309507"}],"version-history":[{"count":1,"href":"https:\/\/diariodominicano.com\/index.php?rest_route=\/wp\/v2\/posts\/309507\/revisions"}],"predecessor-version":[{"id":309514,"href":"https:\/\/diariodominicano.com\/index.php?rest_route=\/wp\/v2\/posts\/309507\/revisions\/309514"}],"wp:featuredmedia":[{"embeddable":true,"href":"https:\/\/diariodominicano.com\/index.php?rest_route=\/wp\/v2\/media\/309513"}],"wp:attachment":[{"href":"https:\/\/diariodominicano.com\/index.php?rest_route=%2Fwp%2Fv2%2Fmedia&parent=309507"}],"wp:term":[{"taxonomy":"category","embeddable":true,"href":"https:\/\/diariodominicano.com\/index.php?rest_route=%2Fwp%2Fv2%2Fcategories&post=309507"},{"taxonomy":"post_tag","embeddable":true,"href":"https:\/\/diariodominicano.com\/index.php?rest_route=%2Fwp%2Fv2%2Ftags&post=309507"}],"curies":[{"name":"wp","href":"https:\/\/api.w.org\/{rel}","templated":true}]}}