{"id":309498,"date":"2021-11-19T22:41:40","date_gmt":"2021-11-20T02:41:40","guid":{"rendered":"http:\/\/diariodominicano.com\/?p=309498"},"modified":"2021-11-19T22:41:40","modified_gmt":"2021-11-20T02:41:40","slug":"mopc-extiende-por-15-dias-adicionales-la-gracia-en-pago-de-peajes-por-circunvalacion-santo-domingo","status":"publish","type":"post","link":"https:\/\/diariodominicano.com\/?p=309498","title":{"rendered":"MOPC extiende por 15 d\u00edas adicionales la gracia en pago de peajes por Circunvalaci\u00f3n Santo Domingo"},"content":{"rendered":"\n<p>diariodominicano.com<\/p>\n\n\n\n<p>Santo Domingo, R. D.,  19 de noviembre, 2021.-&nbsp;El Ministerio de Obras P\u00fablicas y Comunicaciones, a trav\u00e9s del Fideicomiso para la Operaci\u00f3n, Mantenimiento y la Expansi\u00f3n de la Red vial principal de la Rep\u00fablica Dominicana, anuncia que dispone una extensi\u00f3n por 15 d\u00edas m\u00e1s&nbsp;del plan piloto para liberar de manera provisional el pago de peaje.<\/p>\n\n\n\n<p>La extensi\u00f3n de la gracia para los conductores de veh\u00edculos con m\u00e1s de tres ejes ser\u00e1 desde el lunes 22 de noviembre hasta el lunes 6 de diciembre.<\/p>\n\n\n\n<p>El&nbsp;MOPC&nbsp;inform\u00f3&nbsp;que&nbsp;se ejecutar\u00e1 a trav\u00e9s de Red Vial por 15 d\u00edas la exenci\u00f3n del pago de los distintos peajes de la Circunvalaci\u00f3n Santo Domingo, para los veh\u00edculos con categor\u00eda 3, 4 y 5, respectivamente,&nbsp;y que utilicen los diferentes tramos de la v\u00eda.<\/p>\n\n\n\n<p>La avenida de Circunvalaci\u00f3n Santo Domingo nace en Haina en direcci\u00f3n hacia el&nbsp;norte, atraviesa la periferia de Los&nbsp;Alcarrizos, continuando por la Autopista Duarte y penetra por Santo Domingo Norte, separando a Villa Mella con las comunidades de Los Castillos&nbsp;y&nbsp;Hig\u00fcero,&nbsp;culminando&nbsp;en su intersecci\u00f3n con la Autopista del Nordeste.<\/p>\n\n\n\n<p>El ministerio de Obras P\u00fablicas, a trav\u00e9s de RD&nbsp;Vial, hab\u00eda emitido una resoluci\u00f3n el 14 de octubre pasado, &nbsp;que entr\u00f3 en vigor el pasado&nbsp;domingo 24 de octubre hasta el domingo 07 de noviembre de este a\u00f1o, mediante la cual se exoner\u00f3 del pago de peajes a los veh\u00edculos pesados de las categor\u00edas ya mencionadas.<\/p>\n\n\n\n<p>Esta decisi\u00f3n adoptada para la implementaci\u00f3n de un plan piloto en coordinaci\u00f3n con el Ayuntamiento del Distrito Nacional (ADN), el Instituto Nacional de Tr\u00e1nsito y Transporte Terrestre (INTRANT) y la Direcci\u00f3n General de Seguridad de Tr\u00e1nsito y Transporte Terrestre (DIGESETT), eliminar gradualmente la circulaci\u00f3n de veh\u00edculos pesados en el Distrito Nacional.<\/p>\n\n\n\n<p>Fuente: Direcci\u00f3n de Estrategia y Comunicaci\u00f3n Gubernamental<\/p>\n\n\n\n<p>Ministerio Administrativo de la Presidencia de la Rep\u00fablica Dominicana<\/p>\n","protected":false},"excerpt":{"rendered":"<p>diariodominicano.com Santo Domingo, R. D., 19 de noviembre, 2021.-&nbsp;El Ministerio de Obras P\u00fablicas y Comunicaciones, a trav\u00e9s del Fideicomiso para la Operaci\u00f3n, Mantenimiento y la Expansi\u00f3n de la Red vial principal de la Rep\u00fablica Dominicana, anuncia que dispone una extensi\u00f3n por 15 d\u00edas m\u00e1s&nbsp;del plan piloto para liberar de manera provisional el pago de peaje. [&hellip;]<\/p>\n","protected":false},"author":5,"featured_media":309505,"comment_status":"closed","ping_status":"","sticky":true,"template":"","format":"standard","meta":{"footnotes":""},"categories":[20,27],"tags":[],"class_list":["post-309498","post","type-post","status-publish","format-standard","has-post-thumbnail","hentry","category-dominicana-hoy","category-portada"],"_links":{"self":[{"href":"https:\/\/diariodominicano.com\/index.php?rest_route=\/wp\/v2\/posts\/309498","targetHints":{"allow":["GET"]}}],"collection":[{"href":"https:\/\/diariodominicano.com\/index.php?rest_route=\/wp\/v2\/posts"}],"about":[{"href":"https:\/\/diariodominicano.com\/index.php?rest_route=\/wp\/v2\/types\/post"}],"author":[{"embeddable":true,"href":"https:\/\/diariodominicano.com\/index.php?rest_route=\/wp\/v2\/users\/5"}],"replies":[{"embeddable":true,"href":"https:\/\/diariodominicano.com\/index.php?rest_route=%2Fwp%2Fv2%2Fcomments&post=309498"}],"version-history":[{"count":1,"href":"https:\/\/diariodominicano.com\/index.php?rest_route=\/wp\/v2\/posts\/309498\/revisions"}],"predecessor-version":[{"id":309506,"href":"https:\/\/diariodominicano.com\/index.php?rest_route=\/wp\/v2\/posts\/309498\/revisions\/309506"}],"wp:featuredmedia":[{"embeddable":true,"href":"https:\/\/diariodominicano.com\/index.php?rest_route=\/wp\/v2\/media\/309505"}],"wp:attachment":[{"href":"https:\/\/diariodominicano.com\/index.php?rest_route=%2Fwp%2Fv2%2Fmedia&parent=309498"}],"wp:term":[{"taxonomy":"category","embeddable":true,"href":"https:\/\/diariodominicano.com\/index.php?rest_route=%2Fwp%2Fv2%2Fcategories&post=309498"},{"taxonomy":"post_tag","embeddable":true,"href":"https:\/\/diariodominicano.com\/index.php?rest_route=%2Fwp%2Fv2%2Ftags&post=309498"}],"curies":[{"name":"wp","href":"https:\/\/api.w.org\/{rel}","templated":true}]}}