{"id":309492,"date":"2021-11-19T22:28:15","date_gmt":"2021-11-20T02:28:15","guid":{"rendered":"http:\/\/diariodominicano.com\/?p=309492"},"modified":"2021-11-20T09:09:05","modified_gmt":"2021-11-20T13:09:05","slug":"mescyt-impulsa-el-desarrollo-educativo-economico-y-social-de-la-region-sur","status":"publish","type":"post","link":"https:\/\/diariodominicano.com\/?p=309492","title":{"rendered":"MESCYT impulsa el desarrollo educativo, econ\u00f3mico y social de la Regi\u00f3n Sur"},"content":{"rendered":"\n<p>diariodominicano.com<\/p>\n\n\n\n<p>Santo Domingo, R. D.,  19 de noviembre, 2021.-  Con la participaci\u00f3n de autoridades regionales y provinciales, el Ministerio&nbsp;de Educaci\u00f3n Superior, Ciencia y Tecnolog\u00eda (MESCYT), inaugur\u00f3 la primera \u201cFeria de Buenas Pr\u00e1cticas de Extensi\u00f3n, Responsabilidad Social y Cultural Universitaria de la Regi\u00f3n Sur\u201d, en la Universidad Aut\u00f3noma de Santo Domingo Recinto Barahona, con el objetivo de proyectar las necesidades espec\u00edficas de la zona e impulsar su desarrollo educativo, econ\u00f3mico y social. &nbsp;<\/p>\n\n\n\n<p>El evento que se realiza del 18 al 20 de noviembre, tambi\u00e9n tiene la finalidad de integrar nuevas ofertas formativas en los niveles de grado y posgrado, para proporcionar un capital humano que fortalezca las industrias, el turismo y la educaci\u00f3n, en las provincias de San Crist\u00f3bal, Peravia, San Jos\u00e9 de Ocoa, Azua, Barahona, El\u00edas Pi\u00f1a, Independencia, Pedernales, San Juan de la Maguana y Bahoruco.<\/p>\n\n\n\n<div class=\"wp-block-image\"><figure class=\"alignleft size-large is-resized\"><img loading=\"lazy\" decoding=\"async\" src=\"https:\/\/diariodominicano.com\/wp-content\/uploads\/2021\/11\/Mescyt-asistentes19-11-21-1024x617.jpg\" alt=\"\" class=\"wp-image-309496\" width=\"379\" height=\"228\" srcset=\"https:\/\/diariodominicano.com\/wp-content\/uploads\/2021\/11\/Mescyt-asistentes19-11-21-1024x617.jpg 1024w, https:\/\/diariodominicano.com\/wp-content\/uploads\/2021\/11\/Mescyt-asistentes19-11-21-300x181.jpg 300w, https:\/\/diariodominicano.com\/wp-content\/uploads\/2021\/11\/Mescyt-asistentes19-11-21-768x462.jpg 768w, https:\/\/diariodominicano.com\/wp-content\/uploads\/2021\/11\/Mescyt-asistentes19-11-21-1536x925.jpg 1536w, https:\/\/diariodominicano.com\/wp-content\/uploads\/2021\/11\/Mescyt-asistentes19-11-21-2048x1233.jpg 2048w, https:\/\/diariodominicano.com\/wp-content\/uploads\/2021\/11\/Mescyt-asistentes19-11-21-816x491.jpg 816w\" sizes=\"auto, (max-width: 379px) 100vw, 379px\" \/><\/figure><\/div>\n\n\n\n<p>Durante el transcurso del este, se desarrollar\u00e1n paneles, charlas, talleres, conferencias, cine foros, presentaciones art\u00edsticas y culturales, bajo las perspectivas de viabilizar las buenas pr\u00e1cticas impulsadas por las Instituciones de Educaci\u00f3n Superior (IES), exponiendo acciones culturales econ\u00f3micas, deportivas, acad\u00e9micas y medioambientales, adem\u00e1s de promover las actividades y servicios del MESCYT.<\/p>\n\n\n\n<p>La actividad organizada por el viceministerio de extensi\u00f3n y vinculaci\u00f3n cuenta con la cooperaci\u00f3n interinstitucional de los ministerios de Turismo, Juventud y de la Mujer, adem\u00e1s del apoyo de diez Gobernaciones Provinciales, las IES con presencia en las localidades sure\u00f1as, as\u00ed como organizaciones sociales, empresariales y culturales.<\/p>\n\n\n\n<p>Al encabezar la ceremonia de inauguraci\u00f3n, el titular del MESCYT, Franklin Garc\u00eda Ferm\u00edn, explic\u00f3 que poner de relieve las buenas pr\u00e1cticas de extensi\u00f3n y cultura universitaria, es la manera m\u00e1s efectiva de motivar a la poblaci\u00f3n a crear las condiciones necesarias para que el sur mejore para todos.<\/p>\n\n\n\n<p>\u201cEl Ministerio de Educaci\u00f3n Superior, Ciencia y Tecnolog\u00eda ha querido darle respaldo y seguimiento a la intenci\u00f3n del Presidente Luis Abinader de impulsar el desarrollo integral de esta Regi\u00f3n, y para ello ha organizado la celebraci\u00f3n de la primera gran Feria de Buenas Pr\u00e1cticas de Extensi\u00f3n y Cultura Universitaria para la Regi\u00f3n Sur\u201d, asegur\u00f3 el funcionario.<\/p>\n\n\n\n<p>En ese mismo orden, Dionne Maribel Gonz\u00e1lez, Gobernadora Provincial de Barahona, resalt\u00f3 la importancia que tiene para el Gobierno el impulso de la regi\u00f3n sur, destacando que la llamada \u201cPerla del Sur\u201d, recibe con benepl\u00e1cito eventos para incentivar su progreso.<\/p>\n\n\n\n<p>Asimismo, Manuel de la Cruz, director de la UASD-Recinto Barahona, recalc\u00f3 que las IES de la Regi\u00f3n celebran con alegr\u00eda: \u201cQue el sur tiene quien le escriba\u201d, gracias al esfuerzo de maestros, maestras y coordinadores.<\/p>\n\n\n\n<p>\u201cEsta actividad tiene una importancia vital para presentar y exportar nuestro talento a todo el pa\u00eds, que bueno que el MESCYT y otras instituciones publicas se interesa por hacer posible este sue\u00f1o\u201d, concluy\u00f3<\/p>\n\n\n\n<p><strong>Reconocimientos<\/strong><\/p>\n\n\n\n<p>Durante el acto inaugural el MESCYT reconoci\u00f3 a ocho figuras de la Regi\u00f3n Sur que se destacan en diversas \u00e1reas, dentro de los que se encuentran, Vladimir Guerreo, Odalis P\u00e9rez, Melva Segura Grull\u00f3n, el reverendo padre, Secilio Espinal, Dionicio Blanco, Carlos Julio Feliz, entre otros.<\/p>\n\n\n\n<p>Estuvieron presentes, los viceministros del MESCYT, Mar\u00eda L\u00f3pez Polanco, Juan Francisco Viloria, Genaro Rodr\u00edguez Mart\u00ednez, Paula Disla y Carmen Evarista Mat\u00edas, representantes de las gobernaciones&nbsp;de las provincias de San Crist\u00f3bal, San Jos\u00e9, Azua, El\u00edas Pi\u00f1a, Independencia, Pedernales, Bahoruco y San Juan de la Maguana, alcaldes, rectores y directores universidades, representantes de ministerios e instituciones p\u00fablicas, as\u00ed como gestores culturales de la regi\u00f3n sur.<\/p>\n\n\n\n<p>Fuente: Juli\u00e1n Sosa<\/p>\n","protected":false},"excerpt":{"rendered":"<p>diariodominicano.com Santo Domingo, R. D., 19 de noviembre, 2021.- Con la participaci\u00f3n de autoridades regionales y provinciales, el Ministerio&nbsp;de Educaci\u00f3n Superior, Ciencia y Tecnolog\u00eda (MESCYT), inaugur\u00f3 la primera \u201cFeria de Buenas Pr\u00e1cticas de Extensi\u00f3n, Responsabilidad Social y Cultural Universitaria de la Regi\u00f3n Sur\u201d, en la Universidad Aut\u00f3noma de Santo Domingo Recinto Barahona, con el objetivo [&hellip;]<\/p>\n","protected":false},"author":5,"featured_media":309495,"comment_status":"closed","ping_status":"","sticky":true,"template":"","format":"standard","meta":{"footnotes":""},"categories":[18,27],"tags":[],"class_list":["post-309492","post","type-post","status-publish","format-standard","has-post-thumbnail","hentry","category-economia","category-portada"],"_links":{"self":[{"href":"https:\/\/diariodominicano.com\/index.php?rest_route=\/wp\/v2\/posts\/309492","targetHints":{"allow":["GET"]}}],"collection":[{"href":"https:\/\/diariodominicano.com\/index.php?rest_route=\/wp\/v2\/posts"}],"about":[{"href":"https:\/\/diariodominicano.com\/index.php?rest_route=\/wp\/v2\/types\/post"}],"author":[{"embeddable":true,"href":"https:\/\/diariodominicano.com\/index.php?rest_route=\/wp\/v2\/users\/5"}],"replies":[{"embeddable":true,"href":"https:\/\/diariodominicano.com\/index.php?rest_route=%2Fwp%2Fv2%2Fcomments&post=309492"}],"version-history":[{"count":2,"href":"https:\/\/diariodominicano.com\/index.php?rest_route=\/wp\/v2\/posts\/309492\/revisions"}],"predecessor-version":[{"id":309597,"href":"https:\/\/diariodominicano.com\/index.php?rest_route=\/wp\/v2\/posts\/309492\/revisions\/309597"}],"wp:featuredmedia":[{"embeddable":true,"href":"https:\/\/diariodominicano.com\/index.php?rest_route=\/wp\/v2\/media\/309495"}],"wp:attachment":[{"href":"https:\/\/diariodominicano.com\/index.php?rest_route=%2Fwp%2Fv2%2Fmedia&parent=309492"}],"wp:term":[{"taxonomy":"category","embeddable":true,"href":"https:\/\/diariodominicano.com\/index.php?rest_route=%2Fwp%2Fv2%2Fcategories&post=309492"},{"taxonomy":"post_tag","embeddable":true,"href":"https:\/\/diariodominicano.com\/index.php?rest_route=%2Fwp%2Fv2%2Ftags&post=309492"}],"curies":[{"name":"wp","href":"https:\/\/api.w.org\/{rel}","templated":true}]}}