{"id":309478,"date":"2021-11-19T21:48:38","date_gmt":"2021-11-20T01:48:38","guid":{"rendered":"http:\/\/diariodominicano.com\/?p=309478"},"modified":"2021-11-19T21:51:13","modified_gmt":"2021-11-20T01:51:13","slug":"gobierno-impulsa-proyecto-de-inversion-publica-para-fortalecer-los-mercados-fronterizos","status":"publish","type":"post","link":"https:\/\/diariodominicano.com\/?p=309478","title":{"rendered":"Monitor de la Frontera: Gobierno impulsa proyecto de inversi\u00f3n p\u00fablica para fortalecer los mercados fronterizos"},"content":{"rendered":"\n<p>diariodominicano.com<\/p>\n\n\n\n<p>Santo Domingo, R. D.,  19 de noviembre, 2021.- El Gobierno, desde la Direcci\u00f3n de Pol\u00edticas de Desarrollo de la Zona Fronteriza del Ministerio de Econom\u00eda, Planificaci\u00f3n y Desarrollo, impulsa un proyecto de inversi\u00f3n p\u00fablica para el fortalecimiento de los mercados fronterizos. Esta iniciativa supondr\u00e1 la mejora administrativa, la adecuaci\u00f3n de las instalaciones existentes, la ampliaci\u00f3n del control sanitario, la construcci\u00f3n de infraestructura de mercado y la habilitaci\u00f3n de nuevos espacios para los vendedores.<\/p>\n\n\n\n<p><strong>La informaci\u00f3n la ofrece la publicaci\u00f3n Monitor de la Frontera de noviembre 2021 sobre \u201cCambios en el perfil de los vendedores en mercados fronterizos 2010-2017\u201d, la cual establece que el proyecto se plantea en respuesta a las necesidades encontradas.<\/strong><\/p>\n\n\n\n<p>La publicaci\u00f3n mensual, elaborada por la Direcci\u00f3n de Pol\u00edticas de Desarrollo de la Zona Fronteriza del Ministerio de Econom\u00eda, Planificaci\u00f3n y Desarrollo, indica que en los puntos de menor peso en la actividad de mercados, por ejemplo, Ca\u00f1ada Miguel (El\u00edas Pi\u00f1a), Cacique (Independencia) o Restauraci\u00f3n (Dajab\u00f3n), las acciones deben incluir un marcado componente de asistencia social. As\u00ed se reconoce el car\u00e1cter de subsistencia de la actividad y la vulnerabilidad en que podr\u00edan estar operando los vendedores, en particular las mujeres.<\/p>\n\n\n\n<p>\u201cOtra oportunidad de impacto en el perfil de los vendedores lo constituye la implementaci\u00f3n del carn\u00e9 de habitante fronterizo, concebido en el art\u00edculo 78 del Decreto 613-11 del Reglamento de Aplicaci\u00f3n de la Ley 285-04 de Migraci\u00f3n\u201d, puntualiza lo publicado.<\/p>\n\n\n\n<p>Asimismo, precisa que este dispositivo permitir\u00eda robustecer la movilidad en torno al comercio de mercados e igualmente proveer\u00eda al Estado de m\u00e1s informaci\u00f3n sobre qui\u00e9nes se desplazan diariamente para fines de esta actividad.<\/p>\n\n\n\n<p>Se\u00f1ala tambi\u00e9n que servir\u00eda de mecanismo para sistematizar el levantamiento estad\u00edstico respecto de los vol\u00famenes y mercanc\u00edas comercializadas en los puntos de comercio.<\/p>\n\n\n\n<p>Explica que los hallazgos de la Estrategia de Desarrollo de la Zona Fronteriza (EDZF) y la edici\u00f3n anterior del Monitor sobre aspectos y oportunidades del mercado laboral, coinciden en que el comercio es una de las actividades econ\u00f3micas m\u00e1s relevantes del territorio.<\/p>\n\n\n\n<p>\u201cLas estad\u00edsticas y estudios destacan la importancia del mercado fronterizo en la econom\u00eda nacional, particularmente a trav\u00e9s del componente de demanda externa en el comercio con Hait\u00ed\u201d precisa la investigaci\u00f3n.<\/p>\n\n\n\n<p>En este contexto, explica que los perfiles sociodemogr\u00e1ficos de quienes forman parte de esta actividad juegan un papel fundamental, al ser cruciales para profundizar sobre las din\u00e1micas que caracterizan la actividad y orientar intervenciones diferenciadas que fomenten su ordenamiento.<\/p>\n\n\n\n<p>Los mercados fronterizos son aquellos lugares p\u00fablicos seleccionados por los ayuntamientos de los municipios localizados en Montecristi, Dajab\u00f3n, El\u00edas Pi\u00f1a, Independencia y Pedernales.<\/p>\n\n\n\n<p>El Monitor de la Frontera se\u00f1ala que el comercio binacional tiene una importancia especial para la econom\u00eda dominicana, tomando en consideraci\u00f3n que Hait\u00ed es, tradicionalmente, el segundo socio comercial del pa\u00eds.<\/p>\n\n\n\n<p>Fuente: Direcci\u00f3n de Estrategia y Comunicaci\u00f3n Gubernamental<\/p>\n\n\n\n<p>Ministerio Administrativo de la Presidencia de la Rep\u00fablica Dominicana<\/p>\n","protected":false},"excerpt":{"rendered":"<p>diariodominicano.com Santo Domingo, R. D., 19 de noviembre, 2021.- El Gobierno, desde la Direcci\u00f3n de Pol\u00edticas de Desarrollo de la Zona Fronteriza del Ministerio de Econom\u00eda, Planificaci\u00f3n y Desarrollo, impulsa un proyecto de inversi\u00f3n p\u00fablica para el fortalecimiento de los mercados fronterizos. Esta iniciativa supondr\u00e1 la mejora administrativa, la adecuaci\u00f3n de las instalaciones existentes, la [&hellip;]<\/p>\n","protected":false},"author":5,"featured_media":306248,"comment_status":"closed","ping_status":"","sticky":true,"template":"","format":"standard","meta":{"footnotes":""},"categories":[20,27],"tags":[],"class_list":["post-309478","post","type-post","status-publish","format-standard","has-post-thumbnail","hentry","category-dominicana-hoy","category-portada"],"_links":{"self":[{"href":"https:\/\/diariodominicano.com\/index.php?rest_route=\/wp\/v2\/posts\/309478","targetHints":{"allow":["GET"]}}],"collection":[{"href":"https:\/\/diariodominicano.com\/index.php?rest_route=\/wp\/v2\/posts"}],"about":[{"href":"https:\/\/diariodominicano.com\/index.php?rest_route=\/wp\/v2\/types\/post"}],"author":[{"embeddable":true,"href":"https:\/\/diariodominicano.com\/index.php?rest_route=\/wp\/v2\/users\/5"}],"replies":[{"embeddable":true,"href":"https:\/\/diariodominicano.com\/index.php?rest_route=%2Fwp%2Fv2%2Fcomments&post=309478"}],"version-history":[{"count":3,"href":"https:\/\/diariodominicano.com\/index.php?rest_route=\/wp\/v2\/posts\/309478\/revisions"}],"predecessor-version":[{"id":309489,"href":"https:\/\/diariodominicano.com\/index.php?rest_route=\/wp\/v2\/posts\/309478\/revisions\/309489"}],"wp:featuredmedia":[{"embeddable":true,"href":"https:\/\/diariodominicano.com\/index.php?rest_route=\/wp\/v2\/media\/306248"}],"wp:attachment":[{"href":"https:\/\/diariodominicano.com\/index.php?rest_route=%2Fwp%2Fv2%2Fmedia&parent=309478"}],"wp:term":[{"taxonomy":"category","embeddable":true,"href":"https:\/\/diariodominicano.com\/index.php?rest_route=%2Fwp%2Fv2%2Fcategories&post=309478"},{"taxonomy":"post_tag","embeddable":true,"href":"https:\/\/diariodominicano.com\/index.php?rest_route=%2Fwp%2Fv2%2Ftags&post=309478"}],"curies":[{"name":"wp","href":"https:\/\/api.w.org\/{rel}","templated":true}]}}