{"id":309470,"date":"2021-11-19T21:39:49","date_gmt":"2021-11-20T01:39:49","guid":{"rendered":"http:\/\/diariodominicano.com\/?p=309470"},"modified":"2021-11-19T21:39:49","modified_gmt":"2021-11-20T01:39:49","slug":"irak-niega-extension-de-plazo-para-salida-de-ejercito-de-eeuu","status":"publish","type":"post","link":"https:\/\/diariodominicano.com\/?p=309470","title":{"rendered":"Irak niega extensi\u00f3n de plazo para salida de ej\u00e9rcito de EEUU"},"content":{"rendered":"\n<h3 class=\"wp-block-heading\">diariodominicano.com<\/h3>\n\n\n\n<pre id=\"text-news-description\" class=\"wp-block-preformatted\">   BAGDAD, 19 nov (Xinhua) -- Irak neg\u00f3 hoy los informes en el sentido de que Estados Unidos hab\u00eda ampliado el per\u00edodo de su presencia militar en Irak m\u00e1s all\u00e1 del 31 de diciembre de 2021.\n   Tahseen al-Khafaji, vocero del Comando de Operaciones Conjuntas de Irak, dijo a la oficial Agencia de Noticias Iraqu\u00ed (INA, por sus siglas en ingl\u00e9s) que los informes sobre la extensi\u00f3n del plazo para la retirada de los soldados estadounidenses de Irak son \"imprecisos e incorrectos\" y que la fecha de salida de los soldados de combate de Estados Unidos del 31 de diciembre no ha cambiado.\n   Al-Khafaji explic\u00f3 que la cooperaci\u00f3n entre Irak y Estados Unidos despu\u00e9s de la partida de los soldados de combate ser\u00e1 en los \u00e1mbitos de entrenamiento, armamento e informaci\u00f3n de inteligencia contra el grupo terrorista Estado Isl\u00e1mico, se\u00f1al\u00f3 INA.\n   Los comentarios de Al-Khafaji se producen luego de informes en el sentido de que las fuerzas de combate estadounidenses no saldr\u00e1n de Irak y Siria a pesar de los argumentos a favor de que Washington se retire de Medio Oriente despu\u00e9s de su r\u00e1pida salida de Afganist\u00e1n.\n   En julio, Irak y Estados Unidos sostuvieron una sesi\u00f3n de di\u00e1logo estrat\u00e9gico en la que los dos pa\u00edses acordaron la retirada de todas los soldados de combate estadounidenses de Irak para el 31 de diciembre de 2021.<\/pre>\n","protected":false},"excerpt":{"rendered":"<p>diariodominicano.com BAGDAD, 19 nov (Xinhua) &#8212; Irak neg\u00f3 hoy los informes en el sentido de que Estados Unidos hab\u00eda ampliado el per\u00edodo de su presencia militar en Irak m\u00e1s all\u00e1 del 31 de diciembre de 2021. Tahseen al-Khafaji, vocero del Comando de Operaciones Conjuntas de Irak, dijo a la oficial Agencia de Noticias Iraqu\u00ed (INA, [&hellip;]<\/p>\n","protected":false},"author":5,"featured_media":309474,"comment_status":"closed","ping_status":"","sticky":true,"template":"","format":"standard","meta":{"footnotes":""},"categories":[23,27],"tags":[],"class_list":["post-309470","post","type-post","status-publish","format-standard","has-post-thumbnail","hentry","category-internacional","category-portada"],"_links":{"self":[{"href":"https:\/\/diariodominicano.com\/index.php?rest_route=\/wp\/v2\/posts\/309470","targetHints":{"allow":["GET"]}}],"collection":[{"href":"https:\/\/diariodominicano.com\/index.php?rest_route=\/wp\/v2\/posts"}],"about":[{"href":"https:\/\/diariodominicano.com\/index.php?rest_route=\/wp\/v2\/types\/post"}],"author":[{"embeddable":true,"href":"https:\/\/diariodominicano.com\/index.php?rest_route=\/wp\/v2\/users\/5"}],"replies":[{"embeddable":true,"href":"https:\/\/diariodominicano.com\/index.php?rest_route=%2Fwp%2Fv2%2Fcomments&post=309470"}],"version-history":[{"count":1,"href":"https:\/\/diariodominicano.com\/index.php?rest_route=\/wp\/v2\/posts\/309470\/revisions"}],"predecessor-version":[{"id":309477,"href":"https:\/\/diariodominicano.com\/index.php?rest_route=\/wp\/v2\/posts\/309470\/revisions\/309477"}],"wp:featuredmedia":[{"embeddable":true,"href":"https:\/\/diariodominicano.com\/index.php?rest_route=\/wp\/v2\/media\/309474"}],"wp:attachment":[{"href":"https:\/\/diariodominicano.com\/index.php?rest_route=%2Fwp%2Fv2%2Fmedia&parent=309470"}],"wp:term":[{"taxonomy":"category","embeddable":true,"href":"https:\/\/diariodominicano.com\/index.php?rest_route=%2Fwp%2Fv2%2Fcategories&post=309470"},{"taxonomy":"post_tag","embeddable":true,"href":"https:\/\/diariodominicano.com\/index.php?rest_route=%2Fwp%2Fv2%2Ftags&post=309470"}],"curies":[{"name":"wp","href":"https:\/\/api.w.org\/{rel}","templated":true}]}}