{"id":309456,"date":"2021-11-19T21:30:09","date_gmt":"2021-11-20T01:30:09","guid":{"rendered":"http:\/\/diariodominicano.com\/?p=309456"},"modified":"2021-11-19T21:30:09","modified_gmt":"2021-11-20T01:30:09","slug":"antonio-guterres-visitara-colombia-con-motivo-del-quinto-aniversario-de-los-acuerdos-de-paz","status":"publish","type":"post","link":"https:\/\/diariodominicano.com\/?p=309456","title":{"rendered":"Ant\u00f3nio Guterres visitar\u00e1 Colombia con motivo del quinto aniversario de los Acuerdos de Paz"},"content":{"rendered":"\n<p>diariodominicano.com<\/p>\n\n\n\n<p>New York, 19 de noviembre, 2021 (Noticias ONU).-  Durante la visita, de dos d\u00edas de duraci\u00f3n, el Secretario General enviar\u00e1 un rotundo mensaje de aliento para que continu\u00e9 la implementaci\u00f3n del Acuerdo de Paz que puso fin a un conflicto de m\u00e1s de 50 a\u00f1os.\u00a0<\/p>\n\n\n\n<p>El&nbsp;<a href=\"https:\/\/www.un.org\/sg\/es\">Secretario General<\/a>&nbsp;visitar\u00e1 Colombia los d\u00edas 23 y 24 de noviembre para celebrar el quinto aniversario de la firma del hist\u00f3rico Acuerdo Final de Paz de 2016 entre el Gobierno de Colombia y las antiguas FARC-EP (Fuerzas Armadas Revolucionarias de Colombia-Ej\u00e9rcito del Pueblo), anunci\u00f3 hoy su portavoz, St\u00e9phane Dujarric.<\/p>\n\n\n\n<p>Ant\u00f3nio Guterres se reunir\u00e1 con el presidente de Colombia, Iv\u00e1n Duque, y funcionarios de su Gobierno, as\u00ed como con dirigentes de la antigua guerrilla de las FARC-EP.&nbsp;<\/p>\n\n\n\n<p>Tambi\u00e9n asistir\u00e1 a los actos conmemorativos y observar\u00e1 los esfuerzos de consolidaci\u00f3n de la paz y reconciliaci\u00f3n en los que participan excombatientes, comunidades y autoridades, viajando a diferentes zonas del pa\u00eds.<\/p>\n\n\n\n<p>Un fuerte mensaje de aliento<\/p>\n\n\n\n<p>El titular de la ONU se reunir\u00e1 con los responsables del sistema de justicia transicional, con las v\u00edctimas del conflicto armado y con los l\u00edderes de la sociedad civil colombiana, incluyendo a las mujeres, los j\u00f3venes, los representantes ind\u00edgenas y afrocolombianos, as\u00ed como a los activistas de los derechos humanos y del clima.<\/p>\n\n\n\n<p>Con su visita, el Secretario General har\u00e1 un balance de los principales logros del proceso de paz, as\u00ed como de los retos pendientes. Transmitir\u00e1 un fuerte mensaje de aliento para que se siga implementando este Acuerdo de Paz de largo alcance y transformador en beneficio de todos los colombianos.<\/p>\n\n\n\n<p><\/p>\n","protected":false},"excerpt":{"rendered":"<p>diariodominicano.com New York, 19 de noviembre, 2021 (Noticias ONU).- Durante la visita, de dos d\u00edas de duraci\u00f3n, el Secretario General enviar\u00e1 un rotundo mensaje de aliento para que continu\u00e9 la implementaci\u00f3n del Acuerdo de Paz que puso fin a un conflicto de m\u00e1s de 50 a\u00f1os.\u00a0 El&nbsp;Secretario General&nbsp;visitar\u00e1 Colombia los d\u00edas 23 y 24 de [&hellip;]<\/p>\n","protected":false},"author":5,"featured_media":309467,"comment_status":"closed","ping_status":"","sticky":true,"template":"","format":"standard","meta":{"footnotes":""},"categories":[23,27],"tags":[],"class_list":["post-309456","post","type-post","status-publish","format-standard","has-post-thumbnail","hentry","category-internacional","category-portada"],"_links":{"self":[{"href":"https:\/\/diariodominicano.com\/index.php?rest_route=\/wp\/v2\/posts\/309456","targetHints":{"allow":["GET"]}}],"collection":[{"href":"https:\/\/diariodominicano.com\/index.php?rest_route=\/wp\/v2\/posts"}],"about":[{"href":"https:\/\/diariodominicano.com\/index.php?rest_route=\/wp\/v2\/types\/post"}],"author":[{"embeddable":true,"href":"https:\/\/diariodominicano.com\/index.php?rest_route=\/wp\/v2\/users\/5"}],"replies":[{"embeddable":true,"href":"https:\/\/diariodominicano.com\/index.php?rest_route=%2Fwp%2Fv2%2Fcomments&post=309456"}],"version-history":[{"count":1,"href":"https:\/\/diariodominicano.com\/index.php?rest_route=\/wp\/v2\/posts\/309456\/revisions"}],"predecessor-version":[{"id":309469,"href":"https:\/\/diariodominicano.com\/index.php?rest_route=\/wp\/v2\/posts\/309456\/revisions\/309469"}],"wp:featuredmedia":[{"embeddable":true,"href":"https:\/\/diariodominicano.com\/index.php?rest_route=\/wp\/v2\/media\/309467"}],"wp:attachment":[{"href":"https:\/\/diariodominicano.com\/index.php?rest_route=%2Fwp%2Fv2%2Fmedia&parent=309456"}],"wp:term":[{"taxonomy":"category","embeddable":true,"href":"https:\/\/diariodominicano.com\/index.php?rest_route=%2Fwp%2Fv2%2Fcategories&post=309456"},{"taxonomy":"post_tag","embeddable":true,"href":"https:\/\/diariodominicano.com\/index.php?rest_route=%2Fwp%2Fv2%2Ftags&post=309456"}],"curies":[{"name":"wp","href":"https:\/\/api.w.org\/{rel}","templated":true}]}}