{"id":309397,"date":"2021-11-19T20:12:42","date_gmt":"2021-11-20T00:12:42","guid":{"rendered":"http:\/\/diariodominicano.com\/?p=309397"},"modified":"2021-11-19T20:12:42","modified_gmt":"2021-11-20T00:12:42","slug":"clerigo-iraqui-anuncia-disolucion-de-grupo-armado-leal-a-el","status":"publish","type":"post","link":"https:\/\/diariodominicano.com\/?p=309397","title":{"rendered":"Cl\u00e9rigo iraqu\u00ed anuncia disoluci\u00f3n de grupo armado leal a \u00e9l"},"content":{"rendered":"\n<p>diariodominicano.com<a rel=\"noreferrer noopener\" href=\"https:\/\/www.xinhua-news.com\/gdsdetailxhs\/share\/10626149-?pageflag=iframe\" target=\"_blank\"><\/a><\/p>\n\n\n\n<pre id=\"text-news-description\" class=\"wp-block-preformatted\">   BAGDAD, 19 nov (Xinhua) -- El prominente cl\u00e9rigo chi\u00ed de Irak Moqtada al-Sadr anunci\u00f3 hoy viernes la disoluci\u00f3n de la Brigada del D\u00eda Prometido, un grupo armado leal a \u00e9l, y el cierre de sus cuarteles.\n   \"Como un gesto de buena voluntad de mi parte, anuncio la disoluci\u00f3n de la Brigada del D\u00eda Prometido y la clausura de sus cuarteles\", dijo al-Sadr en un comunicado publicado en su cuenta de Twitter.\n   \"Esperemos que este paso sea el inicio de la disoluci\u00f3n de (todos) los grupos armados, la entrega de sus armas y el cierre de sus cuarteles, y \u00e9se ser\u00e1 un mensaje de seguridad y de paz para todo el pueblo\", a\u00f1adi\u00f3 al-Sadr.\n   Al-Sadr, cuyo partido fue el favorito en las elecciones realizadas el 10 de octubre, pidi\u00f3 el jueves la disoluci\u00f3n de todos los grupos armados no controlados en el pa\u00eds.\n  Otro grupo armado, el Saraya al-Salam, o Compa\u00f1\u00edas de Paz, tambi\u00e9n es leal a al-Sadr, pero ahora es parte de las fuerzas Hashd Shaabi bajo el control del primer ministro Mustafa al-Kadhimi, quien adem\u00e1s es el comandante en jefe de las fuerzas iraqu\u00edes.\n  Saraya al-Salam es una nueva versi\u00f3n de un grupo miliciano anteriormente conocido como el \"Ej\u00e9rcito Mahdi\" leal a al-Sadr durante el conflicto sectario que arras\u00f3 el pa\u00eds despu\u00e9s de la invasi\u00f3n encabezada por Estados Unidos en 2003. <\/pre>\n","protected":false},"excerpt":{"rendered":"<p>diariodominicano.com BAGDAD, 19 nov (Xinhua) &#8212; El prominente cl\u00e9rigo chi\u00ed de Irak Moqtada al-Sadr anunci\u00f3 hoy viernes la disoluci\u00f3n de la Brigada del D\u00eda Prometido, un grupo armado leal a \u00e9l, y el cierre de sus cuarteles. \u00abComo un gesto de buena voluntad de mi parte, anuncio la disoluci\u00f3n de la Brigada del D\u00eda Prometido [&hellip;]<\/p>\n","protected":false},"author":5,"featured_media":309400,"comment_status":"closed","ping_status":"","sticky":true,"template":"","format":"standard","meta":{"footnotes":""},"categories":[23,27],"tags":[],"class_list":["post-309397","post","type-post","status-publish","format-standard","has-post-thumbnail","hentry","category-internacional","category-portada"],"_links":{"self":[{"href":"https:\/\/diariodominicano.com\/index.php?rest_route=\/wp\/v2\/posts\/309397","targetHints":{"allow":["GET"]}}],"collection":[{"href":"https:\/\/diariodominicano.com\/index.php?rest_route=\/wp\/v2\/posts"}],"about":[{"href":"https:\/\/diariodominicano.com\/index.php?rest_route=\/wp\/v2\/types\/post"}],"author":[{"embeddable":true,"href":"https:\/\/diariodominicano.com\/index.php?rest_route=\/wp\/v2\/users\/5"}],"replies":[{"embeddable":true,"href":"https:\/\/diariodominicano.com\/index.php?rest_route=%2Fwp%2Fv2%2Fcomments&post=309397"}],"version-history":[{"count":1,"href":"https:\/\/diariodominicano.com\/index.php?rest_route=\/wp\/v2\/posts\/309397\/revisions"}],"predecessor-version":[{"id":309401,"href":"https:\/\/diariodominicano.com\/index.php?rest_route=\/wp\/v2\/posts\/309397\/revisions\/309401"}],"wp:featuredmedia":[{"embeddable":true,"href":"https:\/\/diariodominicano.com\/index.php?rest_route=\/wp\/v2\/media\/309400"}],"wp:attachment":[{"href":"https:\/\/diariodominicano.com\/index.php?rest_route=%2Fwp%2Fv2%2Fmedia&parent=309397"}],"wp:term":[{"taxonomy":"category","embeddable":true,"href":"https:\/\/diariodominicano.com\/index.php?rest_route=%2Fwp%2Fv2%2Fcategories&post=309397"},{"taxonomy":"post_tag","embeddable":true,"href":"https:\/\/diariodominicano.com\/index.php?rest_route=%2Fwp%2Fv2%2Ftags&post=309397"}],"curies":[{"name":"wp","href":"https:\/\/api.w.org\/{rel}","templated":true}]}}