{"id":309389,"date":"2021-11-19T19:33:02","date_gmt":"2021-11-19T23:33:02","guid":{"rendered":"http:\/\/diariodominicano.com\/?p=309389"},"modified":"2021-11-19T19:33:02","modified_gmt":"2021-11-19T23:33:02","slug":"avion-de-aerolinea-espanola-recibe-amenaza-de-bomba-y-aterriza-sin-tropiezos","status":"publish","type":"post","link":"https:\/\/diariodominicano.com\/?p=309389","title":{"rendered":"Avi\u00f3n de aerol\u00ednea espa\u00f1ola recibe amenaza de bomba y aterriza sin tropiezos"},"content":{"rendered":"\n<p>diariodominicano.com<a rel=\"noreferrer noopener\" href=\"https:\/\/www.xinhua-news.com\/gdsdetailxhs\/share\/10624594-?pageflag=iframe\" target=\"_blank\"><\/a><\/p>\n\n\n\n<pre id=\"text-news-description\" class=\"wp-block-preformatted\">   MADRID, 19 nov (Xinhua) -- Un avi\u00f3n que cubre la ruta entre las ciudades nortea\u00f1as espa\u00f1olas de Bilbao y la Coru\u00f1a aterriz\u00f3 esta ma\u00f1ana en el aeropuerto de Alvedro de la Coru\u00f1a por amenaza de bomba, seg\u00fan inform\u00f3 la aerol\u00ednea de bajo coste espa\u00f1ola Volotea en redes sociales.\n   La aeronave Airbus 319 de Volotea, con 105 pasajeros y seis miembros de la tripulaci\u00f3n a bordo, que hab\u00eda despegado a las 06:41 horas locales, aterriz\u00f3 finalmente a las 07:25 en este aeropuerto de la Coru\u00f1a de Alvedro como programado.\n   Poco despu\u00e9s de salir de la ciudad de Bilbao, el 112 de SOS recibi\u00f3 una llamada amenazante. Al parecer, el comunicante an\u00f3nimo dijo que hab\u00eda un explosivo a bordo, por lo que se activ\u00f3 la alerta en los aeropuertos de las dos ciudades de referencia y se avis\u00f3 al piloto sobre el asunto.\n   Los pasajeros salieron del avi\u00f3n, seg\u00fan comunic\u00f3 la compa\u00f1\u00eda. Adem\u00e1s, se activ\u00f3 el plan de emergencia, aunque se produjeron algunas demoras.\n   En este momento, el aeropuerto de Alvedro se encuentra operativo con normalidad y el avi\u00f3n Airbus 319 est\u00e1 en un estacionamiento alejado de otros aviones, seg\u00fan comunic\u00f3 la Administraci\u00f3n de Aeropuertos Espa\u00f1oles y Navegaci\u00f3n A\u00e9rea (AENA).\n   Del operativo se ha hecho cargo la Guardia Civil tras ponerse en marcha un amplio despliegue policial. Al lugar se trasladaron Bomberos y Polic\u00eda, mientras agentes de la Guardia Civil han procedido a revisar la cabina, el pasaje y la bodega.<\/pre>\n","protected":false},"excerpt":{"rendered":"<p>diariodominicano.com MADRID, 19 nov (Xinhua) &#8212; Un avi\u00f3n que cubre la ruta entre las ciudades nortea\u00f1as espa\u00f1olas de Bilbao y la Coru\u00f1a aterriz\u00f3 esta ma\u00f1ana en el aeropuerto de Alvedro de la Coru\u00f1a por amenaza de bomba, seg\u00fan inform\u00f3 la aerol\u00ednea de bajo coste espa\u00f1ola Volotea en redes sociales. La aeronave Airbus 319 de Volotea, [&hellip;]<\/p>\n","protected":false},"author":5,"featured_media":309390,"comment_status":"closed","ping_status":"","sticky":true,"template":"","format":"standard","meta":{"footnotes":""},"categories":[23,27],"tags":[],"class_list":["post-309389","post","type-post","status-publish","format-standard","has-post-thumbnail","hentry","category-internacional","category-portada"],"_links":{"self":[{"href":"https:\/\/diariodominicano.com\/index.php?rest_route=\/wp\/v2\/posts\/309389","targetHints":{"allow":["GET"]}}],"collection":[{"href":"https:\/\/diariodominicano.com\/index.php?rest_route=\/wp\/v2\/posts"}],"about":[{"href":"https:\/\/diariodominicano.com\/index.php?rest_route=\/wp\/v2\/types\/post"}],"author":[{"embeddable":true,"href":"https:\/\/diariodominicano.com\/index.php?rest_route=\/wp\/v2\/users\/5"}],"replies":[{"embeddable":true,"href":"https:\/\/diariodominicano.com\/index.php?rest_route=%2Fwp%2Fv2%2Fcomments&post=309389"}],"version-history":[{"count":1,"href":"https:\/\/diariodominicano.com\/index.php?rest_route=\/wp\/v2\/posts\/309389\/revisions"}],"predecessor-version":[{"id":309391,"href":"https:\/\/diariodominicano.com\/index.php?rest_route=\/wp\/v2\/posts\/309389\/revisions\/309391"}],"wp:featuredmedia":[{"embeddable":true,"href":"https:\/\/diariodominicano.com\/index.php?rest_route=\/wp\/v2\/media\/309390"}],"wp:attachment":[{"href":"https:\/\/diariodominicano.com\/index.php?rest_route=%2Fwp%2Fv2%2Fmedia&parent=309389"}],"wp:term":[{"taxonomy":"category","embeddable":true,"href":"https:\/\/diariodominicano.com\/index.php?rest_route=%2Fwp%2Fv2%2Fcategories&post=309389"},{"taxonomy":"post_tag","embeddable":true,"href":"https:\/\/diariodominicano.com\/index.php?rest_route=%2Fwp%2Fv2%2Ftags&post=309389"}],"curies":[{"name":"wp","href":"https:\/\/api.w.org\/{rel}","templated":true}]}}