{"id":309378,"date":"2021-11-19T19:10:56","date_gmt":"2021-11-19T23:10:56","guid":{"rendered":"http:\/\/diariodominicano.com\/?p=309378"},"modified":"2021-11-19T19:10:56","modified_gmt":"2021-11-19T23:10:56","slug":"candidatos-a-la-presidencia-llaman-a-votar-y-a-reformar-chile-en-actos-de-cierre-de-campana","status":"publish","type":"post","link":"https:\/\/diariodominicano.com\/?p=309378","title":{"rendered":"Candidatos a la Presidencia llaman a votar y a reformar Chile en actos de cierre de campa\u00f1a"},"content":{"rendered":"\n<p>diariodominicano.com<\/p>\n\n\n\n<pre id=\"text-news-description\" class=\"wp-block-preformatted\">   SANTIAGO, 19 nov (Xinhua) -- Llamamientos a votar y a reformar Chile resonaron en el \u00faltimo d\u00eda de campa\u00f1a de los candidatos a la Presidencia del pa\u00eds sudamericano, previo a las elecciones generales que se realizar\u00e1n el domingo 21 de noviembre, en un escenario de alta expectaci\u00f3n y un balotaje asegurado, de acuerdo con los expertos.\n   El candidato m\u00e1s joven y aventajado en esta carrera, Gabriel Boric, de 35 a\u00f1os y de izquierda, se traslad\u00f3 el jueves al peque\u00f1o municipio campesino de Casablanca, a unos 80 kil\u00f3metros de Santiago, para finalizar su campa\u00f1a electoral con un acto cultural llevado a cabo ante unas 300 personas.\n   \"Es tremendamente importante que cambiemos para avanzar en las transformaciones por las que estamos peleando: construir un Estado que garantice derechos, dignidad, igualdad. Es la \u00fanica manera de tener estabilidad, porque un pa\u00eds no puede crecer si est\u00e1 fracturado socialmente\", dijo el actual diputado en su discurso, en compa\u00f1\u00eda de otros pol\u00edticos de su facci\u00f3n.\n   Boric, abanderado de Apruebo Dignidad, un conglomerado integrado por el Frente Amplio y el Partido Comunista, afirm\u00f3 que en un eventual gobierno busca construir \"un Chile distinto, que no discrimine la pobreza\", y pidi\u00f3 que no se le tilde de \"irresponsable\" por proponer mayor justicia social.\n    En la vereda opuesta, el candidato del Partido Republicano, de ultraderecha, Jos\u00e9 Antonio Kast, encabez\u00f3 una actividad de cierre en un parque de la comuna capitalina de Las Condes, una de las m\u00e1s acomodadas del pa\u00eds, desde donde agradeci\u00f3 a sus adherentes y los invit\u00f3 a \"hacer historia en esta patria\", con punto de partida en los comicios venideros.\n   Kast, de 55 a\u00f1os, persigue el orden con severas pol\u00edticas antiinmigraci\u00f3n irregular y delincuencia, y se sit\u00faa segundo en los sondeos, muy cuestionados por no acercarse a los resultados de las \u00faltimas elecciones en Chile.\n   El ex diputado conservador ha causado revuelo al negar los derechos fundamentales de las mujeres y difundir hechos falsos en el marco de su propaganda.\n   Por su parte, la candidata democristiana Yasna Provoste, \u00fanica mujer en competencia, de 51 a\u00f1os, viaj\u00f3 a la ciudad de Concepci\u00f3n (centro-sur) para culminar sus tres meses de campa\u00f1a pol\u00edtica.\n   Destac\u00f3 ante decenas de personas la necesidad de \"recuperar la unidad de Chile y reconstruirlo despu\u00e9s de este mal gobierno y la pandemia\".\n   La senadora oscila entre una tercera y cuarta posici\u00f3n en el listado de preferencias, mientras intenta conquistar el voto moderado de los centristas y empujar a sus contrincantes hacia los extremos de la pol\u00edtica, seg\u00fan comentaron analistas a Xinhua.\n   En tanto, el postulante independiente que comulga con la centroderecha, Sebasti\u00e1n Sichel, escogi\u00f3 la ic\u00f3nica Plaza Italia para cerrar su per\u00edodo de propaganda en el punto neur\u00e1lgico de las protestas sociales de 2019. El ex ministro del gobierno de Sebasti\u00e1n Pi\u00f1era manifest\u00f3 su intenci\u00f3n de ofrecer \"un s\u00edmbolo al pa\u00eds\".\n   \"La polarizaci\u00f3n le hace muy mal a Chile\", dijo Sichel, anterior militante de la oposici\u00f3n y hoy abanderado del oficialismo, cuyo equipo coloc\u00f3 un centenar de remolinos amarillos de papel \"en se\u00f1al de esperanza\" en la rebautizada Plaza de la Dignidad.\n   Otro de los postulantes a mandatario, el profesor del partido Uni\u00f3n Patri\u00f3tica (UPA, izquierda), Eduardo Art\u00e9s, lider\u00f3 un acto p\u00fablico en la Plaza de Armas del centro de la capital, mientras que el candidato presidencial por cuarta vez, el cineasta y ex diputado progresista, Marco Enr\u00edquez-Ominami, abog\u00f3 por los derechos sociales y advirti\u00f3 a la ciudadan\u00eda \"que est\u00e1 a punto de pasar a segunda vuelta un extremista de derecha\", ante lo que llam\u00f3 a la poblaci\u00f3n a votar.\n   El \u00fanico que no realiz\u00f3 una ceremonia fue el candidato Franco Parisi, quien ha desplegado de manera virtual toda su campa\u00f1a electoral desde Alabama, Estados Unidos, donde reside, y asegur\u00f3 hace unos d\u00edas estar contagiado de la enfermedad del nuevo coronavirus (COVID-19), por lo que tampoco se presentar\u00e1 a las votaciones.\n   Unos 15 millones de chilenos est\u00e1n llamados a las urnas el domingo venidero, tanto en el pa\u00eds como en el extranjero, para elegir entre siete candidatos a mandatario para el periodo 2022-2026, junto a la renovaci\u00f3n de diputados, senadores y consejeros regionales, bajo estrictos protocolos sanitarios por la pandemia.\n   Los expertos en pol\u00edtica anticipan que ninguno de los postulantes al Palacio La Moneda lograr\u00e1 una mayor\u00eda absoluta, frente a lo que se fij\u00f3 una segunda vuelta de votaciones para el pr\u00f3ximo 19 de diciembre. <\/pre>\n","protected":false},"excerpt":{"rendered":"<p>diariodominicano.com SANTIAGO, 19 nov (Xinhua) &#8212; Llamamientos a votar y a reformar Chile resonaron en el \u00faltimo d\u00eda de campa\u00f1a de los candidatos a la Presidencia del pa\u00eds sudamericano, previo a las elecciones generales que se realizar\u00e1n el domingo 21 de noviembre, en un escenario de alta expectaci\u00f3n y un balotaje asegurado, de acuerdo con [&hellip;]<\/p>\n","protected":false},"author":5,"featured_media":309381,"comment_status":"closed","ping_status":"","sticky":true,"template":"","format":"standard","meta":{"footnotes":""},"categories":[23,27],"tags":[],"class_list":["post-309378","post","type-post","status-publish","format-standard","has-post-thumbnail","hentry","category-internacional","category-portada"],"_links":{"self":[{"href":"https:\/\/diariodominicano.com\/index.php?rest_route=\/wp\/v2\/posts\/309378","targetHints":{"allow":["GET"]}}],"collection":[{"href":"https:\/\/diariodominicano.com\/index.php?rest_route=\/wp\/v2\/posts"}],"about":[{"href":"https:\/\/diariodominicano.com\/index.php?rest_route=\/wp\/v2\/types\/post"}],"author":[{"embeddable":true,"href":"https:\/\/diariodominicano.com\/index.php?rest_route=\/wp\/v2\/users\/5"}],"replies":[{"embeddable":true,"href":"https:\/\/diariodominicano.com\/index.php?rest_route=%2Fwp%2Fv2%2Fcomments&post=309378"}],"version-history":[{"count":1,"href":"https:\/\/diariodominicano.com\/index.php?rest_route=\/wp\/v2\/posts\/309378\/revisions"}],"predecessor-version":[{"id":309382,"href":"https:\/\/diariodominicano.com\/index.php?rest_route=\/wp\/v2\/posts\/309378\/revisions\/309382"}],"wp:featuredmedia":[{"embeddable":true,"href":"https:\/\/diariodominicano.com\/index.php?rest_route=\/wp\/v2\/media\/309381"}],"wp:attachment":[{"href":"https:\/\/diariodominicano.com\/index.php?rest_route=%2Fwp%2Fv2%2Fmedia&parent=309378"}],"wp:term":[{"taxonomy":"category","embeddable":true,"href":"https:\/\/diariodominicano.com\/index.php?rest_route=%2Fwp%2Fv2%2Fcategories&post=309378"},{"taxonomy":"post_tag","embeddable":true,"href":"https:\/\/diariodominicano.com\/index.php?rest_route=%2Fwp%2Fv2%2Ftags&post=309378"}],"curies":[{"name":"wp","href":"https:\/\/api.w.org\/{rel}","templated":true}]}}