{"id":309344,"date":"2021-11-19T18:36:36","date_gmt":"2021-11-19T22:36:36","guid":{"rendered":"http:\/\/diariodominicano.com\/?p=309344"},"modified":"2021-11-19T21:15:39","modified_gmt":"2021-11-20T01:15:39","slug":"migracion-y-embarazo","status":"publish","type":"post","link":"https:\/\/diariodominicano.com\/?p=309344","title":{"rendered":"Migraci\u00f3n y embarazo"},"content":{"rendered":"\n<p><strong>Carlos P\u00e9rez Fern\u00e1ndez <\/strong> <\/p>\n\n\n\n<p>Leonel Fern\u00e1ndez es un profesor de comunicaci\u00f3n y experto en comunicar ideas y conceptos y el hecho de que unos lo interpreten de una forma y otros de otra-primera vez que ocurre-supone una grande confusi\u00f3n. <\/p>\n\n\n\n<p><br>El presidente Fern\u00e1ndez habl\u00f3 de las excepciones o sea, embarazadas en labor de partos-parturientas-en un Hospital o Cl\u00ednica o Dispensario. En esas circunstancias particulares, no solo es inhumano deportar a una mujer o a un ser humano que enfrente una emergencia m\u00e9dica, sino que es inmoral, anti \u00e9tico, anti cient\u00edfico e ilegal. Se interpreta lo general no lo particular o excepcional. <\/p>\n\n\n\n<p><br>Habl\u00f3 Leonel del caso de Polonia y Bielorrusia y c\u00f3mo la Union Europea apoy\u00f3 a Polonia en su soberan\u00eda para establecer pol\u00edticas migratorias y de c\u00f3mo los Estados Unidos se preocupan por el caso de la crisis entre Etiop\u00eda y Sud\u00e1n y viaja a Kenya, pero es que Estados Unidos dijo en Puerto Principe a trav\u00e9s de su enviado Todd Roberson que la comunidad internacional NO va a intervenir en Hait\u00ed. O sea, hay una doble vara en el caso de la crisis haitiana porque lo que se pretende es que la crisis haitiana tenga una soluci\u00f3n dominicana. <\/p>\n\n\n\n<figure class=\"wp-block-image size-full is-resized\"><img loading=\"lazy\" decoding=\"async\" src=\"https:\/\/diariodominicano.com\/wp-content\/uploads\/2021\/11\/image-3.png\" alt=\"\" class=\"wp-image-309398\" width=\"616\" height=\"292\" srcset=\"https:\/\/diariodominicano.com\/wp-content\/uploads\/2021\/11\/image-3.png 873w, https:\/\/diariodominicano.com\/wp-content\/uploads\/2021\/11\/image-3-300x142.png 300w, https:\/\/diariodominicano.com\/wp-content\/uploads\/2021\/11\/image-3-768x364.png 768w, https:\/\/diariodominicano.com\/wp-content\/uploads\/2021\/11\/image-3-816x387.png 816w\" sizes=\"auto, (max-width: 616px) 100vw, 616px\" \/><figcaption>Imagen topmada de la web<\/figcaption><\/figure>\n\n\n\n<p><br>Todo inmigrante aspira a que lo ampare una pol\u00edtica migratoria transparente, justa y humana que le salvaguarde sus derechos sin menoscabo de la soberan\u00eda del pa\u00eds receptor. A ese equilibrio debemos apelar. <\/p>\n\n\n\n<p><br>Tuve la oportunidad de ayudar a lograr conquistas y reivindicaciones, siguiendo instrucciones como vicec\u00f3nsul en Puerto Rico, del C\u00f3nsul General M\u00e1ximo Taveras, para los dominicanos indocumentados que no ten\u00edan accesos a los servicios de salud y espec\u00edficamente para las embarazadas. <\/p>\n\n\n\n<p><br>Si hay voluntad pol\u00edtica y buena fe, se puede conseguir.<br>El caso de las embarazadas haitianas tiene sus particularidades y complejidades pero se puede trabajar sin que Rep\u00fablica Dominicana renuncie a su soberan\u00eda.<br>Las pobres embarazadas haitianas son v\u00edctimas de ONG y mafias que, a ambos lados de la frontera se benefician de sus desgracias. As\u00ed ha sido hist\u00f3ricamente. <\/p>\n\n\n\n<p><br>Esas organizaciones mafiosas que piden aborto para las dominicanas y parto para las haitianas, son las que se lucran del infortunio de una haitiana que les paga m\u00e1s por el parto a esas mafias que lo que le pagar\u00eda al gobierno dominicano en un proceso legal, seguro y ordenado al cabo del cual madre y criatura regresar\u00edan a su pa\u00eds de origen. Mientras tanto. <\/p>\n\n\n\n<p><br>Obs\u00e9rvese que no se piden derechos para las haitianas en Hait\u00ed, porque el objetivo es eternizar una tragedia que les da ping\u00fces beneficios. <\/p>\n\n\n\n<p><br>La Rep\u00fablica Dominicana tiene, de nuevo, la oportunidad de implementar una pol\u00edtica migratoria justa, transparente, moderna y humana a la vez que salvaguarda sus derechos soberanos.<\/p>\n\n\n\n<p> <strong>El doctor Carlos P\u00e9rez Fern\u00e1ndez <\/strong><\/p>\n\n\n\n<p>M\u00e9dico dominicano  en Puerto Rico  <\/p>\n","protected":false},"excerpt":{"rendered":"<p>Carlos P\u00e9rez Fern\u00e1ndez Leonel Fern\u00e1ndez es un profesor de comunicaci\u00f3n y experto en comunicar ideas y conceptos y el hecho de que unos lo interpreten de una forma y otros de otra-primera vez que ocurre-supone una grande confusi\u00f3n. El presidente Fern\u00e1ndez habl\u00f3 de las excepciones o sea, embarazadas en labor de partos-parturientas-en un Hospital o [&hellip;]<\/p>\n","protected":false},"author":7,"featured_media":309018,"comment_status":"closed","ping_status":"","sticky":true,"template":"","format":"standard","meta":{"footnotes":""},"categories":[19,27],"tags":[],"class_list":["post-309344","post","type-post","status-publish","format-standard","has-post-thumbnail","hentry","category-mi-voz","category-portada"],"_links":{"self":[{"href":"https:\/\/diariodominicano.com\/index.php?rest_route=\/wp\/v2\/posts\/309344","targetHints":{"allow":["GET"]}}],"collection":[{"href":"https:\/\/diariodominicano.com\/index.php?rest_route=\/wp\/v2\/posts"}],"about":[{"href":"https:\/\/diariodominicano.com\/index.php?rest_route=\/wp\/v2\/types\/post"}],"author":[{"embeddable":true,"href":"https:\/\/diariodominicano.com\/index.php?rest_route=\/wp\/v2\/users\/7"}],"replies":[{"embeddable":true,"href":"https:\/\/diariodominicano.com\/index.php?rest_route=%2Fwp%2Fv2%2Fcomments&post=309344"}],"version-history":[{"count":4,"href":"https:\/\/diariodominicano.com\/index.php?rest_route=\/wp\/v2\/posts\/309344\/revisions"}],"predecessor-version":[{"id":309458,"href":"https:\/\/diariodominicano.com\/index.php?rest_route=\/wp\/v2\/posts\/309344\/revisions\/309458"}],"wp:featuredmedia":[{"embeddable":true,"href":"https:\/\/diariodominicano.com\/index.php?rest_route=\/wp\/v2\/media\/309018"}],"wp:attachment":[{"href":"https:\/\/diariodominicano.com\/index.php?rest_route=%2Fwp%2Fv2%2Fmedia&parent=309344"}],"wp:term":[{"taxonomy":"category","embeddable":true,"href":"https:\/\/diariodominicano.com\/index.php?rest_route=%2Fwp%2Fv2%2Fcategories&post=309344"},{"taxonomy":"post_tag","embeddable":true,"href":"https:\/\/diariodominicano.com\/index.php?rest_route=%2Fwp%2Fv2%2Ftags&post=309344"}],"curies":[{"name":"wp","href":"https:\/\/api.w.org\/{rel}","templated":true}]}}