{"id":309317,"date":"2021-11-19T03:26:08","date_gmt":"2021-11-19T07:26:08","guid":{"rendered":"http:\/\/diariodominicano.com\/?p=309317"},"modified":"2021-11-19T03:26:08","modified_gmt":"2021-11-19T07:26:08","slug":"resaltan-en-nyc-efectiva-gerencia-de-dominicano-en-educacion","status":"publish","type":"post","link":"https:\/\/diariodominicano.com\/?p=309317","title":{"rendered":"Resaltan en NYC efectiva gerencia de dominicano en educaci\u00f3n"},"content":{"rendered":"\n<p><strong>Por Ram\u00f3n Mercedes<\/strong><\/p>\n\n\n\n<p><strong>NUEVA YORK.-<\/strong>&nbsp;Padres de familias dominicanos residentes en la ciudad Yonkers y la Gran Manzana resaltan la efectiva gerencia en educaci\u00f3n de su connacional Edwin Quezada, Superintendente de escuelas p\u00fablicas en el condado de Westchester.<\/p>\n\n\n\n<p>Mediante documento Mart\u00edn Salazar, Andr\u00e9s Mar\u00eda Mercado, Marcia de Ortiz, Anastasia del Orbe, Joaqu\u00edn Mirabal, Josefina Rodr\u00edguez, Hugo Cortorreal, Jos\u00e9 Dom\u00ednguez, H\u00e9ctor Valenzuela, y Milton Acevedo, entre otros, indican que se sienten orgullosos de Quezada por ser un apasionado de la ense\u00f1anza y el aprendizaje de calidad con los ni\u00f1os y j\u00f3venes.<\/p>\n\n\n\n<p>Consideran que es un personificado por un di\u00e1logo animado, movimiento perpetuo e investigaci\u00f3n colegiada reflexiva, y mueve la agenda de la educaci\u00f3n p\u00fablica en Yonkers, el cuarto distrito escolar m\u00e1s grande del estado de NY con casi 27,000 estudiantes y 3,500 empleados.<\/p>\n\n\n\n<p>Bajo su tutela, en 2017 Yonkers se jact\u00f3 de tener la tasa de graduaci\u00f3n a tiempo m\u00e1s alta, 82%, de los distritos escolares de las 5 grandes ciudades del estado.<\/p>\n\n\n\n<p>Quezada lleg\u00f3 al condado de El Bronx a los 15 a\u00f1os de edad (1983) terminando la escuela secundaria en \u201cJames Monroe High School\u201d en 1985. Luego ingresa a Herbert H. Lehman College, completando su licenciatura en contabilidad con una especialidad en educaci\u00f3n secundaria (1990).<\/p>\n\n\n\n<p>En 1995 obtiene una Maestr\u00eda en Consejer\u00eda de Lehman College, una licenciatura en Administraci\u00f3n Escolar \/ Supervisi\u00f3n de Distrito de la Universidad de Fordham en 2000, y un doctorado en Educaci\u00f3n de la Universidad de Walden en 2012.<\/p>\n\n\n\n<p>El estudio de doctorado de Quezada examin\u00f3 una extensa investigaci\u00f3n sobre la correlaci\u00f3n entre el uso de datos de rendimiento estudiantil y la instrucci\u00f3n efectiva. Particip\u00f3 en el Instituto de Directores de la Universidad de Harvard, y en el Instituto de Liderazgo de la Junta Universitaria para Directores y la capacitaci\u00f3n del Instituto de Eficacia.<\/p>\n\n\n\n<p>El Departamento de Educaci\u00f3n del estado de NY solicit\u00f3 su membres\u00eda en el equipo asesor del \u201cProyecto de Preparaci\u00f3n de Directores\u201d que desarroll\u00f3 est\u00e1ndares para los directores de edificios, as\u00ed como para el \u201cComit\u00e9 del List\u00f3n Azul\u201d en todo el estado encargado de mejorar los resultados educativos de los ni\u00f1os y j\u00f3venes de color.<\/p>\n\n\n\n<p>Esto trajo como resultado que NY fuera el primer estado que financia las iniciativas de \u201cMy Brother&#8217;s Keeper (MBK)\u201d, instituci\u00f3n que aborda las persistentes brechas de oportunidades que afectan a ni\u00f1os y j\u00f3venes de color, que busca asegurar de que todos los j\u00f3venes puedan alcanzar su m\u00e1ximo potencial.<\/p>\n\n\n\n<p>Los quisqueyanos concluyen diciendo que el doctor Quezada encarna las caracter\u00edsticas esenciales requeridas para un l\u00edder educativo exitoso; centrado en los ni\u00f1os, intelecto, perspicacia financiera, pasi\u00f3n, compasi\u00f3n, habilidades de comunicaci\u00f3n y resistencia\u201d<\/p>\n\n\n\n<p>Su alta capacidad gerencial le permite supervisar las funciones de las 39 escuelas y la administraci\u00f3n central del distrito escolar; \u201cense\u00f1anza y aprendizaje, presupuesto, recursos humanos, instalaciones, comunicaciones, tecnolog\u00eda y trabaja con funcionarios municipales, estatales y federales\u201d. <\/p>\n","protected":false},"excerpt":{"rendered":"<p>Por Ram\u00f3n Mercedes NUEVA YORK.-&nbsp;Padres de familias dominicanos residentes en la ciudad Yonkers y la Gran Manzana resaltan la efectiva gerencia en educaci\u00f3n de su connacional Edwin Quezada, Superintendente de escuelas p\u00fablicas en el condado de Westchester. Mediante documento Mart\u00edn Salazar, Andr\u00e9s Mar\u00eda Mercado, Marcia de Ortiz, Anastasia del Orbe, Joaqu\u00edn Mirabal, Josefina Rodr\u00edguez, Hugo [&hellip;]<\/p>\n","protected":false},"author":7,"featured_media":309319,"comment_status":"closed","ping_status":"","sticky":true,"template":"","format":"standard","meta":{"footnotes":""},"categories":[23,27],"tags":[],"class_list":["post-309317","post","type-post","status-publish","format-standard","has-post-thumbnail","hentry","category-internacional","category-portada"],"_links":{"self":[{"href":"https:\/\/diariodominicano.com\/index.php?rest_route=\/wp\/v2\/posts\/309317","targetHints":{"allow":["GET"]}}],"collection":[{"href":"https:\/\/diariodominicano.com\/index.php?rest_route=\/wp\/v2\/posts"}],"about":[{"href":"https:\/\/diariodominicano.com\/index.php?rest_route=\/wp\/v2\/types\/post"}],"author":[{"embeddable":true,"href":"https:\/\/diariodominicano.com\/index.php?rest_route=\/wp\/v2\/users\/7"}],"replies":[{"embeddable":true,"href":"https:\/\/diariodominicano.com\/index.php?rest_route=%2Fwp%2Fv2%2Fcomments&post=309317"}],"version-history":[{"count":2,"href":"https:\/\/diariodominicano.com\/index.php?rest_route=\/wp\/v2\/posts\/309317\/revisions"}],"predecessor-version":[{"id":309335,"href":"https:\/\/diariodominicano.com\/index.php?rest_route=\/wp\/v2\/posts\/309317\/revisions\/309335"}],"wp:featuredmedia":[{"embeddable":true,"href":"https:\/\/diariodominicano.com\/index.php?rest_route=\/wp\/v2\/media\/309319"}],"wp:attachment":[{"href":"https:\/\/diariodominicano.com\/index.php?rest_route=%2Fwp%2Fv2%2Fmedia&parent=309317"}],"wp:term":[{"taxonomy":"category","embeddable":true,"href":"https:\/\/diariodominicano.com\/index.php?rest_route=%2Fwp%2Fv2%2Fcategories&post=309317"},{"taxonomy":"post_tag","embeddable":true,"href":"https:\/\/diariodominicano.com\/index.php?rest_route=%2Fwp%2Fv2%2Ftags&post=309317"}],"curies":[{"name":"wp","href":"https:\/\/api.w.org\/{rel}","templated":true}]}}