{"id":309308,"date":"2021-11-19T03:25:30","date_gmt":"2021-11-19T07:25:30","guid":{"rendered":"http:\/\/diariodominicano.com\/?p=309308"},"modified":"2021-11-19T04:41:48","modified_gmt":"2021-11-19T08:41:48","slug":"cdp-ny-reconoce-trayectoria-periodista-dominicano","status":"publish","type":"post","link":"https:\/\/diariodominicano.com\/?p=309308","title":{"rendered":"CDP-NY reconoce trayectoria periodista dominicano"},"content":{"rendered":"\n<p><strong>Por Ram\u00f3n Mercedes<\/strong><\/p>\n\n\n\n<p><strong>NUEVA YORK.-<\/strong>&nbsp;La filial del Colegio Dominicano de Periodistas (CDP) en esta ciudad reconoci\u00f3 la transparente trayectoria y de servicio hacia la comunidad dominicana del periodista Guillermo D\u00edaz G\u00f3mez.<\/p>\n\n\n\n<p>El valorado profesional, radicado en la Gran Manzana desde hace d\u00e9cadas, recibi\u00f3 dicho reconocimiento de parte del ex secretario general del gremio period\u00edstico en la urbe, Erasmo Chalas Tejeda, en representaci\u00f3n del actual incumbente Roberto Francis.<\/p>\n\n\n\n<p>La distinci\u00f3n fue recibida por el periodista santiagu\u00e9s en su residencia de Manhattan por su dilatada trayectoria de m\u00e1s de 40 a\u00f1os en el ejercicio period\u00edstico.<\/p>\n\n\n\n<p>D\u00edaz G\u00f3mez, oriundo de Villa Gonz\u00e1lez-Santiago, ejerci\u00f3 el periodismo para varios medios de comunicaci\u00f3n en su natal Rep\u00fablica Dominicana.<\/p>\n\n\n\n<p>Por su parte, el homenajeado al dar las gracias expres\u00f3: \u201ca las directivas entrante y saliente del CDP-NY, y de manera especial a Tejeda, de quien dijo siempre ha estado d\u00e1ndole seguimiento a su estado de salud y su vida profesional.<\/p>\n\n\n\n<p>\u201cDe manera personal, igualmente mi familia, agradecemos infinitamente esta distinci\u00f3n de mis colegas de la seccional del CDP-NY\u201d, enfatiz\u00f3 D\u00edaz G\u00f3mez <\/p>\n","protected":false},"excerpt":{"rendered":"<p>Por Ram\u00f3n Mercedes NUEVA YORK.-&nbsp;La filial del Colegio Dominicano de Periodistas (CDP) en esta ciudad reconoci\u00f3 la transparente trayectoria y de servicio hacia la comunidad dominicana del periodista Guillermo D\u00edaz G\u00f3mez. El valorado profesional, radicado en la Gran Manzana desde hace d\u00e9cadas, recibi\u00f3 dicho reconocimiento de parte del ex secretario general del gremio period\u00edstico en [&hellip;]<\/p>\n","protected":false},"author":7,"featured_media":309318,"comment_status":"closed","ping_status":"","sticky":false,"template":"","format":"standard","meta":{"footnotes":""},"categories":[23,27],"tags":[],"class_list":["post-309308","post","type-post","status-publish","format-standard","has-post-thumbnail","hentry","category-internacional","category-portada"],"_links":{"self":[{"href":"https:\/\/diariodominicano.com\/index.php?rest_route=\/wp\/v2\/posts\/309308","targetHints":{"allow":["GET"]}}],"collection":[{"href":"https:\/\/diariodominicano.com\/index.php?rest_route=\/wp\/v2\/posts"}],"about":[{"href":"https:\/\/diariodominicano.com\/index.php?rest_route=\/wp\/v2\/types\/post"}],"author":[{"embeddable":true,"href":"https:\/\/diariodominicano.com\/index.php?rest_route=\/wp\/v2\/users\/7"}],"replies":[{"embeddable":true,"href":"https:\/\/diariodominicano.com\/index.php?rest_route=%2Fwp%2Fv2%2Fcomments&post=309308"}],"version-history":[{"count":1,"href":"https:\/\/diariodominicano.com\/index.php?rest_route=\/wp\/v2\/posts\/309308\/revisions"}],"predecessor-version":[{"id":309322,"href":"https:\/\/diariodominicano.com\/index.php?rest_route=\/wp\/v2\/posts\/309308\/revisions\/309322"}],"wp:featuredmedia":[{"embeddable":true,"href":"https:\/\/diariodominicano.com\/index.php?rest_route=\/wp\/v2\/media\/309318"}],"wp:attachment":[{"href":"https:\/\/diariodominicano.com\/index.php?rest_route=%2Fwp%2Fv2%2Fmedia&parent=309308"}],"wp:term":[{"taxonomy":"category","embeddable":true,"href":"https:\/\/diariodominicano.com\/index.php?rest_route=%2Fwp%2Fv2%2Fcategories&post=309308"},{"taxonomy":"post_tag","embeddable":true,"href":"https:\/\/diariodominicano.com\/index.php?rest_route=%2Fwp%2Fv2%2Ftags&post=309308"}],"curies":[{"name":"wp","href":"https:\/\/api.w.org\/{rel}","templated":true}]}}