{"id":309305,"date":"2021-11-18T23:34:34","date_gmt":"2021-11-19T03:34:34","guid":{"rendered":"http:\/\/diariodominicano.com\/?p=309305"},"modified":"2021-11-18T23:34:34","modified_gmt":"2021-11-19T03:34:34","slug":"prm-convoca-para-este-viernes-a-su-direccion-ejecutiva","status":"publish","type":"post","link":"https:\/\/diariodominicano.com\/?p=309305","title":{"rendered":"PRM convoca para este viernes a su Direcci\u00f3n Ejecutiva"},"content":{"rendered":"\n<p><strong><em>Presidente Abinader encabezar\u00e1 tradicional reuni\u00f3n de la alta dirigencia para dar seguimiento a trabajos encomendados <\/em><\/strong><\/p>\n\n\n\n<p>Santo Domingo.- El Partido Revolucionario Moderno (PRM) convoc\u00f3 para este viernes a su Direcci\u00f3n Ejecutiva para su tradicional reuni\u00f3n, la cual ser\u00e1 encabezada por el presidente de la Rep\u00fablica, Luis Abinader y el presidente y secretaria general de esa organizaci\u00f3n pol\u00edtica, Jos\u00e9 Paliza y Carolina Mej\u00eda.<\/p>\n\n\n\n<p>El encuentro con la alta dirigencia, se realizar\u00e1 este viernes 19 de noviembre a las 4:00 de la tarde en la Casa Nacional del PRM, ubicada en la Calle Cesar Nicolas Penson No. 102, as\u00ed lo anunci\u00f3 el partido de gobierno mediante un comunicado de prensa.<\/p>\n\n\n\n<p>Adem\u00e1s, han sido convocados los 50 miembros que conforman la Direcci\u00f3n Ejecutiva con el objetivo de darle seguimiento a los trabajos encomendados en la \u00faltima reuni\u00f3n de ese alto organismo.<\/p>\n\n\n\n<p>Resoluciones de Direcci\u00f3n Ejecutiva<\/p>\n\n\n\n<p>Se recuerda que en el anterior encuentro de la Direcci\u00f3n Ejecutiva del PRM se estableci\u00f3 una resoluci\u00f3n acordando aplazar el proselitismo en las aspiraciones internas para enfocar todas las energ\u00edas en el afianzamiento del pa\u00eds, seg\u00fan dijo el presidente Luis Abinader.<\/p>\n\n\n\n<p>Tambi\u00e9n se comunic\u00f3 de la suspensi\u00f3n de dirigentes que sean acusados de infringir disposiciones de ley por casos de corrupci\u00f3n, para lo cual se design\u00f3 una comisi\u00f3n integrada por Milagros Ortiz Bosch, Eddy Olivares, Victor D\u00b4 Aza, y Elizabeth Mateo.<\/p>\n\n\n\n<p>De igual modo, se anunci\u00f3 que se realizar\u00e1n consultas ciudadanas en todo el territorio nacional el 27 y 28 de noviembre con la realizaci\u00f3n de asambleas en los diversos municipios, con el objetivo de levantar la informaci\u00f3n que espera la ciudadan\u00eda de un partido pol\u00edtico e incluir la visi\u00f3n ciudadana dentro del comportamiento partidario y mantenerse constantemente en contacto con la sociedad para servir de interlocutor entre sus aspiraciones y en el programa de gobierno.<\/p>\n\n\n\n<p>Secretaria Nacional de Comunicaciones PRM<\/p>\n\n\n\n<p>Departamento de prensa<\/p>\n\n\n\n<p>18 de noviembre, 2021<\/p>\n","protected":false},"excerpt":{"rendered":"<p>Presidente Abinader encabezar\u00e1 tradicional reuni\u00f3n de la alta dirigencia para dar seguimiento a trabajos encomendados Santo Domingo.- El Partido Revolucionario Moderno (PRM) convoc\u00f3 para este viernes a su Direcci\u00f3n Ejecutiva para su tradicional reuni\u00f3n, la cual ser\u00e1 encabezada por el presidente de la Rep\u00fablica, Luis Abinader y el presidente y secretaria general de esa organizaci\u00f3n [&hellip;]<\/p>\n","protected":false},"author":7,"featured_media":309310,"comment_status":"closed","ping_status":"","sticky":true,"template":"","format":"standard","meta":{"footnotes":""},"categories":[22,27],"tags":[],"class_list":["post-309305","post","type-post","status-publish","format-standard","has-post-thumbnail","hentry","category-politica","category-portada"],"_links":{"self":[{"href":"https:\/\/diariodominicano.com\/index.php?rest_route=\/wp\/v2\/posts\/309305","targetHints":{"allow":["GET"]}}],"collection":[{"href":"https:\/\/diariodominicano.com\/index.php?rest_route=\/wp\/v2\/posts"}],"about":[{"href":"https:\/\/diariodominicano.com\/index.php?rest_route=\/wp\/v2\/types\/post"}],"author":[{"embeddable":true,"href":"https:\/\/diariodominicano.com\/index.php?rest_route=\/wp\/v2\/users\/7"}],"replies":[{"embeddable":true,"href":"https:\/\/diariodominicano.com\/index.php?rest_route=%2Fwp%2Fv2%2Fcomments&post=309305"}],"version-history":[{"count":1,"href":"https:\/\/diariodominicano.com\/index.php?rest_route=\/wp\/v2\/posts\/309305\/revisions"}],"predecessor-version":[{"id":309311,"href":"https:\/\/diariodominicano.com\/index.php?rest_route=\/wp\/v2\/posts\/309305\/revisions\/309311"}],"wp:featuredmedia":[{"embeddable":true,"href":"https:\/\/diariodominicano.com\/index.php?rest_route=\/wp\/v2\/media\/309310"}],"wp:attachment":[{"href":"https:\/\/diariodominicano.com\/index.php?rest_route=%2Fwp%2Fv2%2Fmedia&parent=309305"}],"wp:term":[{"taxonomy":"category","embeddable":true,"href":"https:\/\/diariodominicano.com\/index.php?rest_route=%2Fwp%2Fv2%2Fcategories&post=309305"},{"taxonomy":"post_tag","embeddable":true,"href":"https:\/\/diariodominicano.com\/index.php?rest_route=%2Fwp%2Fv2%2Ftags&post=309305"}],"curies":[{"name":"wp","href":"https:\/\/api.w.org\/{rel}","templated":true}]}}