{"id":309285,"date":"2021-11-18T22:10:10","date_gmt":"2021-11-19T02:10:10","guid":{"rendered":"http:\/\/diariodominicano.com\/?p=309285"},"modified":"2021-11-18T22:10:10","modified_gmt":"2021-11-19T02:10:10","slug":"presidente-abinader-insta-a-jovenes-graduandos-a-liderar-el-cambio-y-el-futuro-de-la-republica-dominicana","status":"publish","type":"post","link":"https:\/\/diariodominicano.com\/?p=309285","title":{"rendered":"Presidente Abinader insta a j\u00f3venes graduandos a liderar el cambio y el futuro de la Rep\u00fablica Dominicana"},"content":{"rendered":"\n<p>diariodominicano.com<\/p>\n\n\n\n<p>Santo Domingo, R. D.,  18 de noviembre, 2021.- El presidente Luis Abinader inst\u00f3 este jueves a m\u00e1s de 700 j\u00f3venes graduandos de la Universidad Nacional Pedro Henr\u00edquez Ure\u00f1a (UNPHU), a ser los agentes de cambio que liderar\u00e1n el futuro de la Rep\u00fablica Dominicana.<\/p>\n\n\n\n<p>Al dirigirse a los presentes, les dijo que la Rep\u00fablica Dominicana es un pa\u00eds lleno de oportunidades y l\u00edder en varios sectores econ\u00f3micos de la regi\u00f3n, como la inversi\u00f3n extranjera, el turismo, las zonas francas, entre otros.<\/p>\n\n\n\n<p>\u201cEsto es ahora, pero con ustedes s\u00e9 que podremos ensanchar los m\u00e1rgenes de esta realidad y hacer m\u00e1s grande este pa\u00eds. Esto abre la oportunidad para que pa\u00edses como este, en lugar de esperar, puedan liderar el cambio, y aqu\u00ed, ustedes juegan un papel principal. Son ustedes los que lideran ese nuevo futuro\u201d, dijo el mandatario.<\/p>\n\n\n\n<p>Les record\u00f3 que a partir de ahora se incorporan a la fuerza laboral del pa\u00eds, robusteciendo el motor que mueve a nuestra naci\u00f3n.<\/p>\n\n\n\n<p>\u201cEs el momento de armarse de valor, de utilizar todas las herramientas a su alcance, de desarrollar ideas y de poner en marcha grandes proyectos para sus vidas y su futuro\u201d. Por eso, luego de felicitarlos, los motiv\u00f3 a esforzarse, sacrificarse y seguir siempre el camino de la honestidad y la paciencia, escogiendo siempre hacer lo correcto.<\/p>\n\n\n\n<p>El presidente fue tambi\u00e9n reconocido como Visitante Distinguido por la universidad, y por tal motivo recibi\u00f3 una placa de manos del rector Miguel Fiallo Calder\u00f3n y del presidente del Sistema Universitario Pedro Henr\u00edquez Ure\u00f1a, Ra\u00fal De Moya Espa\u00f1ol.<\/p>\n\n\n\n<p>Fiallo Calder\u00f3n destac\u00f3 la labor del presidente Abinader al frente del Estado y valor\u00f3 su lucha contra la corrupci\u00f3n, sumado a su combate contra el COVID-19.<\/p>\n\n\n\n<p>\u00abUsted ha demostrado con hechos que con honestidad y sacrificio se puede mejorar la vida de la gente y adecentar el ejercicio de la pol\u00edtica, garantizar el progreso de la Rep\u00fablica Dominicana, adem\u00e1s de que ha demostrado firmeza protegiendo la soberan\u00eda nacional\u00bb, expres\u00f3 Fiallo Calder\u00f3n.<\/p>\n\n\n\n<p>Completaban la mesa de honor, el ministro de Educaci\u00f3n Superior, Ciencia y Tecnolog\u00eda (MESCYT), Franklin Garc\u00eda Ferm\u00edn, y la vicerrectora acad\u00e9mica, Patricia Matos Lluberes.<\/p>\n\n\n\n<p><strong>UNPHU grad\u00faa 762 profesionales de diversas \u00e1reas<\/strong><\/p>\n\n\n\n<p>Durante el acto de investidura, la Universidad Nacional Pedro Henr\u00edquez Ure\u00f1a (UNPHU), gradu\u00f3 a 762 profesionales, de los cuales 677 son estudiantes de grado y 85 de posgrado.<\/p>\n\n\n\n<p>En esta ceremonia se realiz\u00f3 tambi\u00e9n el corte de cinta para inaugurar el Auditorio Horacio \u00c1lvarez Savi\u00f1\u00f3n, donde se llev\u00f3 a cabo su Cent\u00e9sima Quincuag\u00e9sima S\u00e9ptima (157) Graduaci\u00f3n Ordinaria.<\/p>\n\n\n\n<p>Durante el discurso de graduaci\u00f3n, el arquitecto Miguel Fiallo Calder\u00f3n, rector de la universidad, hizo el siguiente se\u00f1alamiento: \u00abLa educaci\u00f3n superior en s\u00ed misma cambia a un paso acelerado, pero siempre insuficiente frente a la marcha de la realidad que se adelanta; de ah\u00ed que no podemos quedarnos en lo aprendido hasta hoy, sino abrazar la educaci\u00f3n permanente, la actualizaci\u00f3n de conocimientos\u00bb.<\/p>\n\n\n\n<p>En representaci\u00f3n de los graduandos, tuvo la palabra la joven Laura Dickson Castillo, de la Licenciatura en Educaci\u00f3n Especial.<\/p>\n\n\n\n<p>La entrega de los t\u00edtulos acad\u00e9micos se desarroll\u00f3 en tres jornadas, para conservar el distanciamiento social.<\/p>\n\n\n\n<p>Fuente: Direcci\u00f3n de Estrategia y Comunicaci\u00f3n Gubernamental<\/p>\n\n\n\n<p>Ministerio Administrativo de la Presidencia de la Rep\u00fablica Dominicana<\/p>\n","protected":false},"excerpt":{"rendered":"<p>diariodominicano.com Santo Domingo, R. D., 18 de noviembre, 2021.- El presidente Luis Abinader inst\u00f3 este jueves a m\u00e1s de 700 j\u00f3venes graduandos de la Universidad Nacional Pedro Henr\u00edquez Ure\u00f1a (UNPHU), a ser los agentes de cambio que liderar\u00e1n el futuro de la Rep\u00fablica Dominicana. Al dirigirse a los presentes, les dijo que la Rep\u00fablica Dominicana [&hellip;]<\/p>\n","protected":false},"author":5,"featured_media":309290,"comment_status":"closed","ping_status":"","sticky":true,"template":"","format":"standard","meta":{"footnotes":""},"categories":[20,27],"tags":[],"class_list":["post-309285","post","type-post","status-publish","format-standard","has-post-thumbnail","hentry","category-dominicana-hoy","category-portada"],"_links":{"self":[{"href":"https:\/\/diariodominicano.com\/index.php?rest_route=\/wp\/v2\/posts\/309285","targetHints":{"allow":["GET"]}}],"collection":[{"href":"https:\/\/diariodominicano.com\/index.php?rest_route=\/wp\/v2\/posts"}],"about":[{"href":"https:\/\/diariodominicano.com\/index.php?rest_route=\/wp\/v2\/types\/post"}],"author":[{"embeddable":true,"href":"https:\/\/diariodominicano.com\/index.php?rest_route=\/wp\/v2\/users\/5"}],"replies":[{"embeddable":true,"href":"https:\/\/diariodominicano.com\/index.php?rest_route=%2Fwp%2Fv2%2Fcomments&post=309285"}],"version-history":[{"count":1,"href":"https:\/\/diariodominicano.com\/index.php?rest_route=\/wp\/v2\/posts\/309285\/revisions"}],"predecessor-version":[{"id":309291,"href":"https:\/\/diariodominicano.com\/index.php?rest_route=\/wp\/v2\/posts\/309285\/revisions\/309291"}],"wp:featuredmedia":[{"embeddable":true,"href":"https:\/\/diariodominicano.com\/index.php?rest_route=\/wp\/v2\/media\/309290"}],"wp:attachment":[{"href":"https:\/\/diariodominicano.com\/index.php?rest_route=%2Fwp%2Fv2%2Fmedia&parent=309285"}],"wp:term":[{"taxonomy":"category","embeddable":true,"href":"https:\/\/diariodominicano.com\/index.php?rest_route=%2Fwp%2Fv2%2Fcategories&post=309285"},{"taxonomy":"post_tag","embeddable":true,"href":"https:\/\/diariodominicano.com\/index.php?rest_route=%2Fwp%2Fv2%2Ftags&post=309285"}],"curies":[{"name":"wp","href":"https:\/\/api.w.org\/{rel}","templated":true}]}}