{"id":309278,"date":"2021-11-18T22:04:10","date_gmt":"2021-11-19T02:04:10","guid":{"rendered":"http:\/\/diariodominicano.com\/?p=309278"},"modified":"2021-11-18T22:04:10","modified_gmt":"2021-11-19T02:04:10","slug":"mexico-aplica-mas-de-130-millones-de-dosis-de-vacuna-contra-la-covid-19","status":"publish","type":"post","link":"https:\/\/diariodominicano.com\/?p=309278","title":{"rendered":"M\u00e9xico aplica m\u00e1s de 130 millones de dosis de vacuna contra la COVID-19"},"content":{"rendered":"\n<p>diariodominicano.com<a rel=\"noreferrer noopener\" href=\"https:\/\/www.xinhua-news.com\/gdsdetailxhs\/share\/10622460-?pageflag=iframe\" target=\"_blank\"><\/a><\/p>\n\n\n\n<pre id=\"text-news-description\" class=\"wp-block-preformatted\">   M\u00c9XICO, 18 nov (Xinhua) -- M\u00e9xico aplic\u00f3 m\u00e1s de 130 millones de vacunas contra la COVID-19, luego de iniciar en diciembre pasado su Plan Nacional de Vacunaci\u00f3n, inform\u00f3 hoy jueves la Secretar\u00eda de Salud de esa naci\u00f3n.\n   De acuerdo con el \u00faltimo informe de la cartera sanitaria mexicana, se han administrado 130.244.910 dosis de vacuna contra la enfermedad del nuevo coronavirus.\n   Adem\u00e1s, en la \u00faltima jornada de vacunaci\u00f3n se aplicaron 251.754 dosis del biol\u00f3gico a la poblaci\u00f3n mexicana en todo el pa\u00eds, incluyendo al personal de salud, magisterial, as\u00ed como a personas mayores de 60 a\u00f1os, al grupo de 50 a 59 a\u00f1os, de 40 a 49 a\u00f1os, de 30 a 39 a\u00f1os, mayores de 18 a\u00f1os y menores con enfermedades cr\u00f3nicas o comorbilidades.\n   Seg\u00fan el subsecretario de Prevenci\u00f3n y Promoci\u00f3n de la Salud, Hugo L\u00f3pez-Gatell, la implementaci\u00f3n de las vacunas en M\u00e9xico ha logrado reducir las muertes por el nuevo coronavirus.\n   Con estas cifras, un total de 63.690.510 personas adultas cuentan con al menos una dosis contra la COVID-19, quienes representan 84 por ciento de la poblaci\u00f3n mayor de 18 a\u00f1os.\n   En esta misma semana, el Gobierno de M\u00e9xico anunci\u00f3 que en los pr\u00f3ximos d\u00edas se vacunar\u00e1 a los menores entre 15 y 17 a\u00f1os sin comorbilidades.\n   El \u00faltimo reporte de la Secretar\u00eda de Salud indica que M\u00e9xico acumula 3.854.994 contagios confirmados y 291.929 defunciones por la COVID-19.<\/pre>\n","protected":false},"excerpt":{"rendered":"<p>diariodominicano.com M\u00c9XICO, 18 nov (Xinhua) &#8212; M\u00e9xico aplic\u00f3 m\u00e1s de 130 millones de vacunas contra la COVID-19, luego de iniciar en diciembre pasado su Plan Nacional de Vacunaci\u00f3n, inform\u00f3 hoy jueves la Secretar\u00eda de Salud de esa naci\u00f3n. De acuerdo con el \u00faltimo informe de la cartera sanitaria mexicana, se han administrado 130.244.910 dosis de [&hellip;]<\/p>\n","protected":false},"author":5,"featured_media":309282,"comment_status":"closed","ping_status":"","sticky":true,"template":"","format":"standard","meta":{"footnotes":""},"categories":[23,27],"tags":[],"class_list":["post-309278","post","type-post","status-publish","format-standard","has-post-thumbnail","hentry","category-internacional","category-portada"],"_links":{"self":[{"href":"https:\/\/diariodominicano.com\/index.php?rest_route=\/wp\/v2\/posts\/309278","targetHints":{"allow":["GET"]}}],"collection":[{"href":"https:\/\/diariodominicano.com\/index.php?rest_route=\/wp\/v2\/posts"}],"about":[{"href":"https:\/\/diariodominicano.com\/index.php?rest_route=\/wp\/v2\/types\/post"}],"author":[{"embeddable":true,"href":"https:\/\/diariodominicano.com\/index.php?rest_route=\/wp\/v2\/users\/5"}],"replies":[{"embeddable":true,"href":"https:\/\/diariodominicano.com\/index.php?rest_route=%2Fwp%2Fv2%2Fcomments&post=309278"}],"version-history":[{"count":1,"href":"https:\/\/diariodominicano.com\/index.php?rest_route=\/wp\/v2\/posts\/309278\/revisions"}],"predecessor-version":[{"id":309284,"href":"https:\/\/diariodominicano.com\/index.php?rest_route=\/wp\/v2\/posts\/309278\/revisions\/309284"}],"wp:featuredmedia":[{"embeddable":true,"href":"https:\/\/diariodominicano.com\/index.php?rest_route=\/wp\/v2\/media\/309282"}],"wp:attachment":[{"href":"https:\/\/diariodominicano.com\/index.php?rest_route=%2Fwp%2Fv2%2Fmedia&parent=309278"}],"wp:term":[{"taxonomy":"category","embeddable":true,"href":"https:\/\/diariodominicano.com\/index.php?rest_route=%2Fwp%2Fv2%2Fcategories&post=309278"},{"taxonomy":"post_tag","embeddable":true,"href":"https:\/\/diariodominicano.com\/index.php?rest_route=%2Fwp%2Fv2%2Ftags&post=309278"}],"curies":[{"name":"wp","href":"https:\/\/api.w.org\/{rel}","templated":true}]}}