{"id":309260,"date":"2021-11-18T21:51:56","date_gmt":"2021-11-19T01:51:56","guid":{"rendered":"http:\/\/diariodominicano.com\/?p=309260"},"modified":"2021-11-18T21:51:56","modified_gmt":"2021-11-19T01:51:56","slug":"grecia-endurece-restricciones-para-no-vacunados-por-nueva-ola-de-covid-19","status":"publish","type":"post","link":"https:\/\/diariodominicano.com\/?p=309260","title":{"rendered":"Grecia endurece restricciones para no vacunados por nueva ola de COVID-19"},"content":{"rendered":"\n<p>diariodominicano.com<a rel=\"noreferrer noopener\" href=\"https:\/\/www.xinhua-news.com\/gdsdetailxhs\/share\/10622197-?pageflag=iframe\" target=\"_blank\"><\/a><\/p>\n\n\n\n<pre id=\"text-news-description\" class=\"wp-block-preformatted\">   ATENAS, 18 nov (Xinhua) -- Grecia endurecer\u00e1 a\u00fan m\u00e1s las restricciones para los no vacunados y prohibir\u00e1 su ingreso a m\u00e1s espacios en interiores a partir del lunes, como parte de los esfuerzos para combatir la cuarta ola de la pandemia de COVID-19, anunci\u00f3 hoy el primer ministro Kyriakos Mitsotakis.\n   Mientras crece la presi\u00f3n sobre el sistema de salud debido a un alza en las cifras de contagios diarios, hospitalizaciones y pacientes intubados, Mitsotakis ofreci\u00f3 un mensaje por televisi\u00f3n para presentar la \"hoja de ruta\" para la temporada de vacaciones navide\u00f1as y reiter\u00f3 el llamado a los ciudadanos para que se vacunen lo antes posible.\n   Grecia report\u00f3 7.317 nuevos contagios por COVID-19 y 63 muertes en las \u00faltimas 24 horas, lo que elev\u00f3 los totales nacionales a 861.117 y 17.075, respectivamente\n   Hasta ahora, m\u00e1s de siete millones de personas en Grecia, o tres de cada cuatro adultos, est\u00e1n vacunados. Alrededor de 1,5 millones completaron su vacunaci\u00f3n hace m\u00e1s de seis meses y necesitan una dosis de refuerzo, y 575.000 ciudadanos mayores de 60 a\u00f1os no est\u00e1n vacunados, destac\u00f3 el l\u00edder griego.\n   El l\u00edder a\u00f1adi\u00f3 que 90 por ciento de los pacientes en unidades de cuidados intensivos no est\u00e1n vacunados e inst\u00f3 a las personas a vacunarse.\n   El Gobierno descart\u00f3 un nuevo confinamiento y opt\u00f3 por la persuasi\u00f3n en lugar de las prohibiciones y las vacunaciones obligatorias, dijo el primer ministro, quien a\u00f1adi\u00f3 que se tendr\u00e1n que introducir medidas complementarias hasta que suficientes personas saquen cita para reforzar la cobertura de inmunizaci\u00f3n.\n   Desde el 22 de noviembre, los ciudadanos no vacunados no podr\u00e1n entrar a teatros, cines, museos, gimnasios u otros sitios recreativos en interiores, dijo. Actualmente, pueden entrar con resultados negativos en pruebas r\u00e1pidas o PCR.\n   Los no vacunados ya tienen prohibido entrar a restaurantes y cafeter\u00edas, tanto en interiores como exteriores.\n   Adem\u00e1s, los certificados de vacunaci\u00f3n para los ciudadanos mayores de 60 a\u00f1os se considerar\u00e1n vencidos siete meses despu\u00e9s de la fecha de emisi\u00f3n, dijo Mitsotakis. Sus certificados ser\u00e1n extendidos s\u00f3lo si reciben una tercera dosis. De no hacerlo, se les dejar\u00e1 de considerar como vacunados por completo y ser\u00e1n tratados como no vacunados.<\/pre>\n","protected":false},"excerpt":{"rendered":"<p>diariodominicano.com ATENAS, 18 nov (Xinhua) &#8212; Grecia endurecer\u00e1 a\u00fan m\u00e1s las restricciones para los no vacunados y prohibir\u00e1 su ingreso a m\u00e1s espacios en interiores a partir del lunes, como parte de los esfuerzos para combatir la cuarta ola de la pandemia de COVID-19, anunci\u00f3 hoy el primer ministro Kyriakos Mitsotakis. Mientras crece la presi\u00f3n [&hellip;]<\/p>\n","protected":false},"author":5,"featured_media":309270,"comment_status":"closed","ping_status":"","sticky":true,"template":"","format":"standard","meta":{"footnotes":""},"categories":[23,27],"tags":[],"class_list":["post-309260","post","type-post","status-publish","format-standard","has-post-thumbnail","hentry","category-internacional","category-portada"],"_links":{"self":[{"href":"https:\/\/diariodominicano.com\/index.php?rest_route=\/wp\/v2\/posts\/309260","targetHints":{"allow":["GET"]}}],"collection":[{"href":"https:\/\/diariodominicano.com\/index.php?rest_route=\/wp\/v2\/posts"}],"about":[{"href":"https:\/\/diariodominicano.com\/index.php?rest_route=\/wp\/v2\/types\/post"}],"author":[{"embeddable":true,"href":"https:\/\/diariodominicano.com\/index.php?rest_route=\/wp\/v2\/users\/5"}],"replies":[{"embeddable":true,"href":"https:\/\/diariodominicano.com\/index.php?rest_route=%2Fwp%2Fv2%2Fcomments&post=309260"}],"version-history":[{"count":1,"href":"https:\/\/diariodominicano.com\/index.php?rest_route=\/wp\/v2\/posts\/309260\/revisions"}],"predecessor-version":[{"id":309271,"href":"https:\/\/diariodominicano.com\/index.php?rest_route=\/wp\/v2\/posts\/309260\/revisions\/309271"}],"wp:featuredmedia":[{"embeddable":true,"href":"https:\/\/diariodominicano.com\/index.php?rest_route=\/wp\/v2\/media\/309270"}],"wp:attachment":[{"href":"https:\/\/diariodominicano.com\/index.php?rest_route=%2Fwp%2Fv2%2Fmedia&parent=309260"}],"wp:term":[{"taxonomy":"category","embeddable":true,"href":"https:\/\/diariodominicano.com\/index.php?rest_route=%2Fwp%2Fv2%2Fcategories&post=309260"},{"taxonomy":"post_tag","embeddable":true,"href":"https:\/\/diariodominicano.com\/index.php?rest_route=%2Fwp%2Fv2%2Ftags&post=309260"}],"curies":[{"name":"wp","href":"https:\/\/api.w.org\/{rel}","templated":true}]}}