{"id":309249,"date":"2021-11-18T21:21:38","date_gmt":"2021-11-19T01:21:38","guid":{"rendered":"http:\/\/diariodominicano.com\/?p=309249"},"modified":"2021-11-18T21:44:43","modified_gmt":"2021-11-19T01:44:43","slug":"gobierno-dispondra-de-unos-200-puestos-adicionales-de-vacunacion-contra-la-covid-19-gracias-al-apoyo-de-las-mipymes","status":"publish","type":"post","link":"https:\/\/diariodominicano.com\/?p=309249","title":{"rendered":"Salud dispondr\u00e1 de unos 200 puestos adicionales de vacunaci\u00f3n contra la COVID-19 gracias al apoyo de las mipymes"},"content":{"rendered":"\n<p>diariodominicano.com<\/p>\n\n\n\n<p>Santo Domingo, R. D.,  18 de noviembre, 2021.\u2013 Con el objetivo de seguir motivando a la poblaci\u00f3n a acudir a los centros de vacunaci\u00f3n para recibir sus dosis contra el COVID-19, el Gobierno, por medio del Ministerio de Salud P\u00fablica (MSP), recibi\u00f3 el apoyo de la Federaci\u00f3n Nacional de Micros, Peque\u00f1os y Medianos Empresarios Dominicanos (FENAPYMED) para iniciar el programa \u201cNavidad Segura&nbsp;Mipymes\u201d.<\/p>\n\n\n\n<p>El programa dispondr\u00e1 de unos 200 puestos para la inoculaci\u00f3n y dar\u00e1 seguimiento a las medidas preventivas contra el virus SARS COV-2. As\u00ed, los peque\u00f1os y medianos comercios, como salones de belleza, colmados, farmacias y dem\u00e1s centros, que no solicitan regularmente la tarjeta de vacunaci\u00f3n, podr\u00e1n asegurar la inoculaci\u00f3n de sus empleados, familiares y clientes.<\/p>\n\n\n\n<p>El ministro de Salud P\u00fablica, Daniel Rivera, sugiri\u00f3 a los integrantes de los diferentes comercios dispersos en todo el pa\u00eds, completar la cobertura de protecci\u00f3n, en especial en las provincias con mayor incidencia de contagio, entre estas: el gran Santo Domingo, San Crist\u00f3bal, La Romana y Santiago.<\/p>\n\n\n\n<p>En ese sentido, Rivera manifest\u00f3 que para alcanzar el 80 por ciento de 1ra dosis y 70 por ciento de 2da dosis y continuar bajando en la reducci\u00f3n la positividad que se ubica en 8.77 por ciento, es necesario alcanzar la meta de inoculaci\u00f3n y cumplimiento de las medidas preventivas.<\/p>\n\n\n\n<p>\u201cContinuar con las estrategias de distanciamiento, uso de mascarillas, gel y el cumplimiento de la Resoluci\u00f3n 000048 para lograr proteger la salud colectiva y evitar que la gente siga sufriendo por la pandemia; lograr la meta propuesta del 70 por ciento de inoculados y disfrutar de una Navidad segura y tranquila\u201d, fue la recomendaci\u00f3n del ministro.<\/p>\n\n\n\n<p>Mientras que el presidente de la Federaci\u00f3n Dominicana de Comerciantes, Iv\u00e1n de Jes\u00fas Garc\u00eda, dijo que cuentan con 1,900,000 y empleados que, adem\u00e1s de que deben estar vacunados con todas sus dosis, estar\u00e1n en la disposici\u00f3n de colaborar para vacunar a sus familiares y clientes.<\/p>\n\n\n\n<p>\u201cEstamos realizando un llamado a todos los empresarios mypimes del pa\u00eds, porque vamos a iniciar a partir del pr\u00f3ximo un programa denominado \u201cNavidad Segura Mypimes\u201d en el cual estamos solicitando que acudan a los centros de vacunaci\u00f3n que estar\u00e1n instalados en todo el pa\u00eds\u201d, resalt\u00f3.<\/p>\n\n\n\n<p>En otro orden, Rivera asegur\u00f3 que el pa\u00eds cuenta con 450 mil vacunas de protecci\u00f3n contra la influenza, dispuestos en toda la geograf\u00eda nacional.<\/p>\n\n\n\n<p>El ministro agradeci\u00f3 el apoyo de Iv\u00e1n de Jes\u00fas Garc\u00eda, presidente de la Federaci\u00f3n Dominicana de Comerciantes (FDC) y Carmelo Rodr\u00edguez, presidente de (FENAPYMED), C\u00e1mara Dominicana de Empresarios Comerciales (CADECO) y dem\u00e1s entidades comerciales, por el significativo apoyo.<\/p>\n\n\n\n<p>Particip\u00f3 en el acto el doctor Fernando Ure\u00f1a, viceministro director de las Direcciones Provinciales de Salud y \u00c1reas de Salud DPS\/DAS.<\/p>\n\n\n\n<p>Fuente: Direcci\u00f3n de Estrategia y Comunicaci\u00f3n Gubernamental<\/p>\n\n\n\n<p>Ministerio Administrativo de la Presidencia de la Rep\u00fablica Dominicana<\/p>\n","protected":false},"excerpt":{"rendered":"<p>diariodominicano.com Santo Domingo, R. D., 18 de noviembre, 2021.\u2013 Con el objetivo de seguir motivando a la poblaci\u00f3n a acudir a los centros de vacunaci\u00f3n para recibir sus dosis contra el COVID-19, el Gobierno, por medio del Ministerio de Salud P\u00fablica (MSP), recibi\u00f3 el apoyo de la Federaci\u00f3n Nacional de Micros, Peque\u00f1os y Medianos Empresarios [&hellip;]<\/p>\n","protected":false},"author":5,"featured_media":309252,"comment_status":"closed","ping_status":"","sticky":true,"template":"","format":"standard","meta":{"footnotes":""},"categories":[20,27],"tags":[],"class_list":["post-309249","post","type-post","status-publish","format-standard","has-post-thumbnail","hentry","category-dominicana-hoy","category-portada"],"_links":{"self":[{"href":"https:\/\/diariodominicano.com\/index.php?rest_route=\/wp\/v2\/posts\/309249","targetHints":{"allow":["GET"]}}],"collection":[{"href":"https:\/\/diariodominicano.com\/index.php?rest_route=\/wp\/v2\/posts"}],"about":[{"href":"https:\/\/diariodominicano.com\/index.php?rest_route=\/wp\/v2\/types\/post"}],"author":[{"embeddable":true,"href":"https:\/\/diariodominicano.com\/index.php?rest_route=\/wp\/v2\/users\/5"}],"replies":[{"embeddable":true,"href":"https:\/\/diariodominicano.com\/index.php?rest_route=%2Fwp%2Fv2%2Fcomments&post=309249"}],"version-history":[{"count":2,"href":"https:\/\/diariodominicano.com\/index.php?rest_route=\/wp\/v2\/posts\/309249\/revisions"}],"predecessor-version":[{"id":309267,"href":"https:\/\/diariodominicano.com\/index.php?rest_route=\/wp\/v2\/posts\/309249\/revisions\/309267"}],"wp:featuredmedia":[{"embeddable":true,"href":"https:\/\/diariodominicano.com\/index.php?rest_route=\/wp\/v2\/media\/309252"}],"wp:attachment":[{"href":"https:\/\/diariodominicano.com\/index.php?rest_route=%2Fwp%2Fv2%2Fmedia&parent=309249"}],"wp:term":[{"taxonomy":"category","embeddable":true,"href":"https:\/\/diariodominicano.com\/index.php?rest_route=%2Fwp%2Fv2%2Fcategories&post=309249"},{"taxonomy":"post_tag","embeddable":true,"href":"https:\/\/diariodominicano.com\/index.php?rest_route=%2Fwp%2Fv2%2Ftags&post=309249"}],"curies":[{"name":"wp","href":"https:\/\/api.w.org\/{rel}","templated":true}]}}