{"id":309243,"date":"2021-11-18T21:13:21","date_gmt":"2021-11-19T01:13:21","guid":{"rendered":"http:\/\/diariodominicano.com\/?p=309243"},"modified":"2021-11-18T21:13:21","modified_gmt":"2021-11-19T01:13:21","slug":"brasil-determina-reduccion-de-impuestos-de-importacion-para-productos-de-energia-renovable","status":"publish","type":"post","link":"https:\/\/diariodominicano.com\/?p=309243","title":{"rendered":"Brasil determina reducci\u00f3n de impuestos de importaci\u00f3n para productos de energ\u00eda renovable"},"content":{"rendered":"\n<p>diariodominicano.com<\/p>\n\n\n\n<pre id=\"text-news-description\" class=\"wp-block-preformatted\">   SAO PAULO, 18 nov (Xinhua) -- El Gobierno de Brasil redujo este jueves los impuestos a la importaci\u00f3n de productos vinculados a la energ\u00eda renovable fabricados en el extranjero, en el marco de la b\u00fasqueda de menores costos para la producci\u00f3n energ\u00e9tica amistosa con el medio ambiente, inform\u00f3 el Ministerio de Econom\u00eda.\n   La decisi\u00f3n fue tomada por la C\u00e1mara de Comercio Exterior (Camex), con lo cual la al\u00edcuota para la importaci\u00f3n de paneles solares ha ca\u00eddo del 12 por cieno al 6 por ciento, mientras que para las bater\u00edas de litio la reducci\u00f3n es de 18 a 9 por ciento.\n   Para componentes para reactores nucleares, la al\u00edcuota de 14 por ciento ser\u00e1 eliminada.\n   Seg\u00fan la estatal Agencia Brasil, el Ministerio de Econom\u00eda sostuvo que \"la medida sigue los compromisos del pa\u00eds en el \u00e1rea ambiental y ayuda a reducir el costo de la energ\u00eda\".\n   La Camex tambi\u00e9n resolvi\u00f3 reducir de 12 por ciento a 10 por ciento la tarifa de importaci\u00f3n de toallas \u00edntimas femeninas y pa\u00f1ales.\n   \"La decisi\u00f3n ayudar\u00e1 a resolver el problema de falta de acceso a productos b\u00e1sicos de higiene por parte de la poblaci\u00f3n\", inform\u00f3 el comunicado del Ministerio de Econom\u00eda citado por Agencia Brasil.\n   El Gobierno de la principal econom\u00eda latinoamericana decidi\u00f3 en su reuni\u00f3n prorrogar hasta el 30 de junio de 2022 la resoluci\u00f3n que elimina el impuesto de importaci\u00f3n sobre 643 productos utilizados en el combate a la pandemia de COVID-19 como medicamentos, equipamientos hospitalarios y otros insumos.\n   A pedido del Ministerio de Turismo, el \u00f3rgano gubernamental elimin\u00f3 el impuesto de importaci\u00f3n de veleros, como una forma de colaborar con el sector n\u00e1utico dedicado a la actividad tur\u00edstica. <\/pre>\n","protected":false},"excerpt":{"rendered":"<p>diariodominicano.com SAO PAULO, 18 nov (Xinhua) &#8212; El Gobierno de Brasil redujo este jueves los impuestos a la importaci\u00f3n de productos vinculados a la energ\u00eda renovable fabricados en el extranjero, en el marco de la b\u00fasqueda de menores costos para la producci\u00f3n energ\u00e9tica amistosa con el medio ambiente, inform\u00f3 el Ministerio de Econom\u00eda. La decisi\u00f3n [&hellip;]<\/p>\n","protected":false},"author":5,"featured_media":309247,"comment_status":"closed","ping_status":"","sticky":true,"template":"","format":"standard","meta":{"footnotes":""},"categories":[23,27],"tags":[],"class_list":["post-309243","post","type-post","status-publish","format-standard","has-post-thumbnail","hentry","category-internacional","category-portada"],"_links":{"self":[{"href":"https:\/\/diariodominicano.com\/index.php?rest_route=\/wp\/v2\/posts\/309243","targetHints":{"allow":["GET"]}}],"collection":[{"href":"https:\/\/diariodominicano.com\/index.php?rest_route=\/wp\/v2\/posts"}],"about":[{"href":"https:\/\/diariodominicano.com\/index.php?rest_route=\/wp\/v2\/types\/post"}],"author":[{"embeddable":true,"href":"https:\/\/diariodominicano.com\/index.php?rest_route=\/wp\/v2\/users\/5"}],"replies":[{"embeddable":true,"href":"https:\/\/diariodominicano.com\/index.php?rest_route=%2Fwp%2Fv2%2Fcomments&post=309243"}],"version-history":[{"count":1,"href":"https:\/\/diariodominicano.com\/index.php?rest_route=\/wp\/v2\/posts\/309243\/revisions"}],"predecessor-version":[{"id":309248,"href":"https:\/\/diariodominicano.com\/index.php?rest_route=\/wp\/v2\/posts\/309243\/revisions\/309248"}],"wp:featuredmedia":[{"embeddable":true,"href":"https:\/\/diariodominicano.com\/index.php?rest_route=\/wp\/v2\/media\/309247"}],"wp:attachment":[{"href":"https:\/\/diariodominicano.com\/index.php?rest_route=%2Fwp%2Fv2%2Fmedia&parent=309243"}],"wp:term":[{"taxonomy":"category","embeddable":true,"href":"https:\/\/diariodominicano.com\/index.php?rest_route=%2Fwp%2Fv2%2Fcategories&post=309243"},{"taxonomy":"post_tag","embeddable":true,"href":"https:\/\/diariodominicano.com\/index.php?rest_route=%2Fwp%2Fv2%2Ftags&post=309243"}],"curies":[{"name":"wp","href":"https:\/\/api.w.org\/{rel}","templated":true}]}}