{"id":309240,"date":"2021-11-18T21:03:50","date_gmt":"2021-11-19T01:03:50","guid":{"rendered":"http:\/\/diariodominicano.com\/?p=309240"},"modified":"2021-11-18T21:03:50","modified_gmt":"2021-11-19T01:03:50","slug":"luis-miguel-de-camps-plantea-la-necesidad-de-una-regulacion-internacional-del-trabajo","status":"publish","type":"post","link":"https:\/\/diariodominicano.com\/?p=309240","title":{"rendered":"Luis Miguel De Camps plantea la necesidad de una regulaci\u00f3n internacional del trabajo"},"content":{"rendered":"\n<p>diariodominicano.com<\/p>\n\n\n\n<p>Espa\u00f1a, 18 de noviembre, 2021.\u2013 En un discurso pronunciado durante la 45\u00ba Reuni\u00f3n de la Comisi\u00f3n T\u00e9cnica de la Organizaci\u00f3n Internacional del Trabajo (OIT\/CINTERFOR), el ministro de Trabajo, Luis Miguel De Camps Garc\u00eda, plante\u00f3 la necesidad de asumir con rapidez la regulaci\u00f3n internacional del trabajo, atendiendo al creciente auge del mercado mundial y las fronteras del trabajador.<\/p>\n\n\n\n<p>Ese escenario, donde De Camps Garc\u00eda pas\u00f3 balance sobre el desarrollo del evento desde el martes 16 de este mes, se anunci\u00f3 que Rep\u00fablica Dominicana ser\u00e1 la sede de la 46\u00ba Reuni\u00f3n de la Comisi\u00f3n T\u00e9cnica de la OTI, a celebrarse en noviembre del 2023.<\/p>\n\n\n\n<p>El funcionario dominicano abog\u00f3 por el impulso de las regulaciones internacionales sobre el trabajo, que permitan su adecentamiento y protecci\u00f3n social, para evitar una ruta de \u201ccomoditizaci\u00f3n\u201d del trabajador.<\/p>\n\n\n\n<p>Dentro del bloque tem\u00e1tico Di\u00e1logo Social y la Formaci\u00f3n Profesional, dijo que \u201cel trabajador es un ser vivo, una persona, un ser humano y no simplemente un commodity (mercanc\u00eda)\u201d.<\/p>\n\n\n\n<p>\u201cEl mercado laboral no es nacional, el mercado laboral es mundial, es internacional, pero el trabajador tiene fronteras f\u00edsicas, de lo que hace y c\u00f3mo lo hace\u201d, indic\u00f3.<\/p>\n\n\n\n<p>Al exponer sus reflexiones sobre el futuro del mercado laboral, propuso hacer \u00e9nfasis en las capacidades blandas y de adaptabilidad de las personas, con el fin de dotarlas y mejorarlas en otros estadios de sus vidas.<\/p>\n\n\n\n<p>\u201cAunque el comercio ha dejado de tener fronteras y con \u00e9ste el trabajo, los trabajadores s\u00ed tienen fronteras (\u2026) Si no tomamos en serio este reto y con m\u00e1s rapidez tal vez, este reto de regulaci\u00f3n internacional, ya los retos sobre la identificaci\u00f3n del futuro de las capacitaciones podr\u00e1n ser muy complejas y dif\u00edcil de atender\u201d, enfatiz\u00f3.<\/p>\n\n\n\n<p>Manifest\u00f3 que lo \u00fanico seguro es el cambio, para lo cual se debe poner \u00e9nfasis en las capacidades de adaptabilidad de las personas, puesto que, aunque el comercio no tiene fronteras, los trabajadores s\u00ed la tienen.<\/p>\n\n\n\n<p>Al final de la reuni\u00f3n, se anunci\u00f3 la aprobaci\u00f3n de la Rep\u00fablica Dominicana como sede y el Instituto Nacional de Formaci\u00f3n T\u00e9cnico Profesional (INFOTEP) como anfitri\u00f3n de la 46\u00ba Reuni\u00f3n de la Comisi\u00f3n T\u00e9cnica de la Organizaci\u00f3n Internacional del Trabajo.<\/p>\n\n\n\n<p>De Camps felicit\u00f3 a los organizadores del evento por el \u00e9xito logrado, no solo por la calidad de los actores, sino tambi\u00e9n por el contenido desarrollado.<\/p>\n\n\n\n<p>Fuente: Direcci\u00f3n de Estrategia y Comunicaci\u00f3n Gubernamental<\/p>\n\n\n\n<p>Ministerio Administrativo de la Presidencia de la Rep\u00fablica Dominicana<\/p>\n","protected":false},"excerpt":{"rendered":"<p>diariodominicano.com Espa\u00f1a, 18 de noviembre, 2021.\u2013 En un discurso pronunciado durante la 45\u00ba Reuni\u00f3n de la Comisi\u00f3n T\u00e9cnica de la Organizaci\u00f3n Internacional del Trabajo (OIT\/CINTERFOR), el ministro de Trabajo, Luis Miguel De Camps Garc\u00eda, plante\u00f3 la necesidad de asumir con rapidez la regulaci\u00f3n internacional del trabajo, atendiendo al creciente auge del mercado mundial y las [&hellip;]<\/p>\n","protected":false},"author":5,"featured_media":309241,"comment_status":"closed","ping_status":"","sticky":true,"template":"","format":"standard","meta":{"footnotes":""},"categories":[20,27],"tags":[],"class_list":["post-309240","post","type-post","status-publish","format-standard","has-post-thumbnail","hentry","category-dominicana-hoy","category-portada"],"_links":{"self":[{"href":"https:\/\/diariodominicano.com\/index.php?rest_route=\/wp\/v2\/posts\/309240","targetHints":{"allow":["GET"]}}],"collection":[{"href":"https:\/\/diariodominicano.com\/index.php?rest_route=\/wp\/v2\/posts"}],"about":[{"href":"https:\/\/diariodominicano.com\/index.php?rest_route=\/wp\/v2\/types\/post"}],"author":[{"embeddable":true,"href":"https:\/\/diariodominicano.com\/index.php?rest_route=\/wp\/v2\/users\/5"}],"replies":[{"embeddable":true,"href":"https:\/\/diariodominicano.com\/index.php?rest_route=%2Fwp%2Fv2%2Fcomments&post=309240"}],"version-history":[{"count":1,"href":"https:\/\/diariodominicano.com\/index.php?rest_route=\/wp\/v2\/posts\/309240\/revisions"}],"predecessor-version":[{"id":309242,"href":"https:\/\/diariodominicano.com\/index.php?rest_route=\/wp\/v2\/posts\/309240\/revisions\/309242"}],"wp:featuredmedia":[{"embeddable":true,"href":"https:\/\/diariodominicano.com\/index.php?rest_route=\/wp\/v2\/media\/309241"}],"wp:attachment":[{"href":"https:\/\/diariodominicano.com\/index.php?rest_route=%2Fwp%2Fv2%2Fmedia&parent=309240"}],"wp:term":[{"taxonomy":"category","embeddable":true,"href":"https:\/\/diariodominicano.com\/index.php?rest_route=%2Fwp%2Fv2%2Fcategories&post=309240"},{"taxonomy":"post_tag","embeddable":true,"href":"https:\/\/diariodominicano.com\/index.php?rest_route=%2Fwp%2Fv2%2Ftags&post=309240"}],"curies":[{"name":"wp","href":"https:\/\/api.w.org\/{rel}","templated":true}]}}