{"id":309191,"date":"2021-11-18T17:25:11","date_gmt":"2021-11-18T21:25:11","guid":{"rendered":"http:\/\/diariodominicano.com\/?p=309191"},"modified":"2021-11-18T17:25:11","modified_gmt":"2021-11-18T21:25:11","slug":"jose-antonio-kast-aboga-por-orden-y-estabilidad-en-chile-elecciones-seran-el-21-de-noviembre","status":"publish","type":"post","link":"https:\/\/diariodominicano.com\/?p=309191","title":{"rendered":"Jos\u00e9 Antonio Kast, aboga por orden y estabilidad en Chile. Elecciones ser\u00e1n el 21 de noviembre"},"content":{"rendered":"\n<p>diariodominicano.com<a rel=\"noreferrer noopener\" href=\"https:\/\/www.xinhua-news.com\/gdsdetailxhs\/share\/10622045-?pageflag=iframe\" target=\"_blank\"><\/a><\/p>\n\n\n\n<pre id=\"text-news-description\" class=\"wp-block-preformatted\">   SANTIAGO, 18 nov (Xinhua) -- El candidato presidencial chileno, Jos\u00e9 Antonio Kast Rist, busca la Presidencia de Chile con un discurso enfocado en el orden, la reducci\u00f3n del Estado y la estabilidad social del pa\u00eds sudamericano.\n   El abogado y fundador del Partido Republicano de Chile fue militante de la Uni\u00f3n Dem\u00f3crata Independiente (UDI), coalici\u00f3n que integra el gabinete del actual presidente chileno, Sebasti\u00e1n Pi\u00f1era, y cuyos miembros fueron activos actores pol\u00edticos durante el gobierno de Augusto Pinochet (1973-1990).\n   El pol\u00edtico de 55 a\u00f1os fue diputado entre 2002 y 2013 en dos distritos de la regi\u00f3n Metropolitana, y en 2017 logr\u00f3 el 7,9 por ciento de los votos cuando se postul\u00f3 por primera vez como candidato presidencial, aventura electoral que lo posicion\u00f3 en cuarto lugar de las preferencias.\n   Kast encabeza varios sondeos de opini\u00f3n que sugieren que pasar\u00eda a una eventual segunda vuelta electoral, programada para el 19 de diciembre pr\u00f3ximo.\n   Bajo el lema \"Atr\u00e9vete\", su programa de gobierno propone recortar los impuestos corporativos y patrimoniales, reducir el gasto fiscal e imponer pol\u00edticas de inmigraci\u00f3n m\u00e1s estrictas, todo anclado en sus principales fundamentos: libertad, estado de derecho y familia.\n   Kast ha dicho que su proyecto pol\u00edtico es \"de sentido com\u00fan, donde las urgencias sociales son lo primero que vamos a poner sobre la mesa, donde la eficiencia y la modernizaci\u00f3n del Estado es un pilar fundamental para las pol\u00edticas que nosotros queremos hacer\".\n   Para reducir el Estado propone bajar de 24 a 12 los ministerios del Poder Ejecutivo, lo que significar\u00eda despedir o solicitar el retiro, como \u00e9l lo ha calificado, de unas 30.000 personas.\n   El abogado ha sido criticado por otros candidatos por plantear subsidios solo para familias casadas, prohibici\u00f3n del matrimonio igualitario, la eliminaci\u00f3n del Ministerio de la Mujer y la obligaci\u00f3n a una ni\u00f1a violada a ser madre.\n   Kast recibi\u00f3 el apoyo de varios pol\u00edticos de la UDI, pese a que este partido integra el bloque \"Chile podemos m\u00e1s\" que abander\u00f3 al abogado Sebasti\u00e1n Sichel, ex ministro de Pi\u00f1era y triunfador de las primarias presidenciales de la coalici\u00f3n.      \n   Kast ha reprochado de manera sucesiva la gesti\u00f3n de Pi\u00f1era tras el estallido social de octubre 2019 y pese a apoyarlo para llegar a la Presidencia, la relaci\u00f3n se quebr\u00f3 en marzo de 2020, cuando \u00e9l y el Partido Republicano se declararon opositores al gobierno del actual mandatario chileno.\n   \"El gobierno est\u00e1 destruyendo las bases de nuestra institucionalidad\", dijo, por permitir el proceso constituyente, lo cual Kast rechaz\u00f3.\n   Aunque Kast vot\u00f3 en contra de la constituci\u00f3n de una Convenci\u00f3n Constitucional, el abanderado se\u00f1al\u00f3 que se regir\u00e1 por la ley y espera que \"de ah\u00ed salga un proyecto de Constituci\u00f3n que permita cerrar este cap\u00edtulo\".\n   Ha encabezado tambi\u00e9n las reprimendas al gobierno por su gesti\u00f3n en la crisis migratoria en el norte del pa\u00eds sudamericano.\n   \"Se vive la crisis migratoria que genera condiciones inhumanas para muchos migrantes y para los chilenos y extranjeros residentes. Es una crisis humanitaria que se debe enfrentar con responsabilidad y de manera ejecutiva\", ha dicho.\n   Chile llevar\u00e1 a cabo el pr\u00f3ximo 21 de noviembre las elecciones para presidente, diputados, senadores y consejeros regionales m\u00e1s polarizadas desde el retorno a la democracia en 1990, con m\u00e1s de 15 millones de chilenos habilitados para sufragar, adem\u00e1s de un importante control ciudadano y medidas especiales para evitar la propagaci\u00f3n del nuevo coronavirus. <\/pre>\n","protected":false},"excerpt":{"rendered":"<p>diariodominicano.com SANTIAGO, 18 nov (Xinhua) &#8212; El candidato presidencial chileno, Jos\u00e9 Antonio Kast Rist, busca la Presidencia de Chile con un discurso enfocado en el orden, la reducci\u00f3n del Estado y la estabilidad social del pa\u00eds sudamericano. El abogado y fundador del Partido Republicano de Chile fue militante de la Uni\u00f3n Dem\u00f3crata Independiente (UDI), coalici\u00f3n [&hellip;]<\/p>\n","protected":false},"author":5,"featured_media":309205,"comment_status":"closed","ping_status":"","sticky":true,"template":"","format":"standard","meta":{"footnotes":""},"categories":[23,27],"tags":[],"class_list":["post-309191","post","type-post","status-publish","format-standard","has-post-thumbnail","hentry","category-internacional","category-portada"],"_links":{"self":[{"href":"https:\/\/diariodominicano.com\/index.php?rest_route=\/wp\/v2\/posts\/309191","targetHints":{"allow":["GET"]}}],"collection":[{"href":"https:\/\/diariodominicano.com\/index.php?rest_route=\/wp\/v2\/posts"}],"about":[{"href":"https:\/\/diariodominicano.com\/index.php?rest_route=\/wp\/v2\/types\/post"}],"author":[{"embeddable":true,"href":"https:\/\/diariodominicano.com\/index.php?rest_route=\/wp\/v2\/users\/5"}],"replies":[{"embeddable":true,"href":"https:\/\/diariodominicano.com\/index.php?rest_route=%2Fwp%2Fv2%2Fcomments&post=309191"}],"version-history":[{"count":1,"href":"https:\/\/diariodominicano.com\/index.php?rest_route=\/wp\/v2\/posts\/309191\/revisions"}],"predecessor-version":[{"id":309206,"href":"https:\/\/diariodominicano.com\/index.php?rest_route=\/wp\/v2\/posts\/309191\/revisions\/309206"}],"wp:featuredmedia":[{"embeddable":true,"href":"https:\/\/diariodominicano.com\/index.php?rest_route=\/wp\/v2\/media\/309205"}],"wp:attachment":[{"href":"https:\/\/diariodominicano.com\/index.php?rest_route=%2Fwp%2Fv2%2Fmedia&parent=309191"}],"wp:term":[{"taxonomy":"category","embeddable":true,"href":"https:\/\/diariodominicano.com\/index.php?rest_route=%2Fwp%2Fv2%2Fcategories&post=309191"},{"taxonomy":"post_tag","embeddable":true,"href":"https:\/\/diariodominicano.com\/index.php?rest_route=%2Fwp%2Fv2%2Ftags&post=309191"}],"curies":[{"name":"wp","href":"https:\/\/api.w.org\/{rel}","templated":true}]}}