{"id":309179,"date":"2021-11-18T16:47:23","date_gmt":"2021-11-18T20:47:23","guid":{"rendered":"http:\/\/diariodominicano.com\/?p=309179"},"modified":"2021-11-18T16:47:23","modified_gmt":"2021-11-18T20:47:23","slug":"ecuador-alcanzara-en-diciembre-la-inmunidad-colectiva-contra-covid-19-afirma-lasso","status":"publish","type":"post","link":"https:\/\/diariodominicano.com\/?p=309179","title":{"rendered":"Ecuador alcanzar\u00e1 en diciembre la inmunidad colectiva contra COVID-19, afirma Lasso"},"content":{"rendered":"\n<p>diariodominicano.com<a rel=\"noreferrer noopener\" href=\"https:\/\/www.xinhua-news.com\/gdsdetailxhs\/share\/10622028-?pageflag=iframe\" target=\"_blank\"><\/a><\/p>\n\n\n\n<pre id=\"text-news-description\" class=\"wp-block-preformatted\">   QUITO, 18 nov (Xinhua) -- El presidente de Ecuador, Guillermo Lasso, afirm\u00f3 hoy jueves que el pa\u00eds alcanzar\u00e1 en diciembre pr\u00f3ximo la inmunidad colectiva contra la enfermedad del nuevo coronavirus (COVID-19), meta que se impuso su gobierno para reactivar el pa\u00eds.\n   \"Tenemos al d\u00eda de hoy un 'stock' (reserva) de vacunas que nos permite decir con claridad que al 31 de diciembre de este a\u00f1o estar\u00e1 vacunado el 85 por ciento de la poblaci\u00f3n ecuatoriana\", sostuvo el mandatario durante un foro internacional de inversiones que inaugur\u00f3 en Quito.\n   Dicho porcentaje equivale a unos 15 millones de personas en la naci\u00f3n andina, que inici\u00f3 su Plan Nacional de Vacunaci\u00f3n en enero pasado.\n   El mandatario agreg\u00f3 que hasta el momento se ha inmunizado a m\u00e1s del 61 por ciento de la poblaci\u00f3n y se lleva a cabo la inoculaci\u00f3n de los ni\u00f1os desde los cinco a\u00f1os de edad.\n   Lasso aceler\u00f3 la campa\u00f1a de vacunaci\u00f3n a partir del 31 de mayo pasado, d\u00edas despu\u00e9s de asumir la Presidencia, gracias a la r\u00e1pida provisi\u00f3n de vacunas, principalmente de la CoronaVac de la farmac\u00e9utica china Sinovac.\n   Hasta el 16 de noviembre, en el pa\u00eds se ha inmunizado a 10.632.884 personas con el esquema completo de las dos dosis de la vacuna, lo que representa el 66,06 por ciento de la poblaci\u00f3n, seg\u00fan el sitio web \"Vacun\u00f3metro\" del Ministerio de Salud.\n   El presidente ecuatoriano afirm\u00f3 que el avance de la inmunizaci\u00f3n ha permitido descongestionar los hospitales y poco a poco el pa\u00eds vive \"una relativa normalidad\" social y econ\u00f3mica.\n   \"Hemos reabierto nuestras calles, nuestros negocios, nuestras oficinas, restaurantes, centros comerciales, medios de transporte p\u00fablico, estadios de f\u00fatbol\", subray\u00f3.\n   En el marco de esta relativa normalidad y luego de 20 meses de pandemia, los estudiantes se aprestan a retornar de manera obligatoria y progresiva a clases presenciales desde el pr\u00f3ximo 22 de noviembre.\n   Para ello, el Ministerio de Salud ampli\u00f3 la cobertura de vacunaci\u00f3n a ni\u00f1os de entre cinco y 11 a\u00f1os y a adolescentes de entre 12 y 15 a\u00f1os, mientras que el pr\u00f3ximo fin de semana se realizar\u00e1n jornadas de vacunaci\u00f3n familiar.\n   El presidente indic\u00f3 que la vacunaci\u00f3n en Ecuador demand\u00f3 un egreso de unos 1.000 millones de d\u00f3lares y signific\u00f3 la mayor movilizaci\u00f3n log\u00edstica en el pa\u00eds, y sostuvo que gracias a ello, el entorno econ\u00f3mico y financiero del pa\u00eds ha mejorado y se han creado 275.000 nuevos empleos.\n   \"Luego de una ca\u00edda de 7,8 por ciento del Producto Interno Bruto (PIB) en el 2020, este a\u00f1o nuestra econom\u00eda experimentar\u00e1 un crecimiento superior al 3,2 - 3,3 por ciento, cifra que seg\u00fan \u00faltimas tendencias observadas podr\u00eda superar a\u00fan el 3,5 por ciento\", apunt\u00f3.\n   Hasta el mi\u00e9rcoles, Ecuador acumul\u00f3 522.783 contagios y 23.452 fallecidos por la COVID-19 desde el inicio de la pandemia, seg\u00fan el \u00faltimo reporte oficial. <\/pre>\n","protected":false},"excerpt":{"rendered":"<p>diariodominicano.com QUITO, 18 nov (Xinhua) &#8212; El presidente de Ecuador, Guillermo Lasso, afirm\u00f3 hoy jueves que el pa\u00eds alcanzar\u00e1 en diciembre pr\u00f3ximo la inmunidad colectiva contra la enfermedad del nuevo coronavirus (COVID-19), meta que se impuso su gobierno para reactivar el pa\u00eds. \u00abTenemos al d\u00eda de hoy un &#8216;stock&#8217; (reserva) de vacunas que nos permite [&hellip;]<\/p>\n","protected":false},"author":5,"featured_media":309184,"comment_status":"closed","ping_status":"","sticky":true,"template":"","format":"standard","meta":{"footnotes":""},"categories":[23,27],"tags":[],"class_list":["post-309179","post","type-post","status-publish","format-standard","has-post-thumbnail","hentry","category-internacional","category-portada"],"_links":{"self":[{"href":"https:\/\/diariodominicano.com\/index.php?rest_route=\/wp\/v2\/posts\/309179","targetHints":{"allow":["GET"]}}],"collection":[{"href":"https:\/\/diariodominicano.com\/index.php?rest_route=\/wp\/v2\/posts"}],"about":[{"href":"https:\/\/diariodominicano.com\/index.php?rest_route=\/wp\/v2\/types\/post"}],"author":[{"embeddable":true,"href":"https:\/\/diariodominicano.com\/index.php?rest_route=\/wp\/v2\/users\/5"}],"replies":[{"embeddable":true,"href":"https:\/\/diariodominicano.com\/index.php?rest_route=%2Fwp%2Fv2%2Fcomments&post=309179"}],"version-history":[{"count":1,"href":"https:\/\/diariodominicano.com\/index.php?rest_route=\/wp\/v2\/posts\/309179\/revisions"}],"predecessor-version":[{"id":309185,"href":"https:\/\/diariodominicano.com\/index.php?rest_route=\/wp\/v2\/posts\/309179\/revisions\/309185"}],"wp:featuredmedia":[{"embeddable":true,"href":"https:\/\/diariodominicano.com\/index.php?rest_route=\/wp\/v2\/media\/309184"}],"wp:attachment":[{"href":"https:\/\/diariodominicano.com\/index.php?rest_route=%2Fwp%2Fv2%2Fmedia&parent=309179"}],"wp:term":[{"taxonomy":"category","embeddable":true,"href":"https:\/\/diariodominicano.com\/index.php?rest_route=%2Fwp%2Fv2%2Fcategories&post=309179"},{"taxonomy":"post_tag","embeddable":true,"href":"https:\/\/diariodominicano.com\/index.php?rest_route=%2Fwp%2Fv2%2Ftags&post=309179"}],"curies":[{"name":"wp","href":"https:\/\/api.w.org\/{rel}","templated":true}]}}