{"id":309174,"date":"2021-11-18T16:34:41","date_gmt":"2021-11-18T20:34:41","guid":{"rendered":"http:\/\/diariodominicano.com\/?p=309174"},"modified":"2021-11-18T16:34:41","modified_gmt":"2021-11-18T20:34:41","slug":"ministerio-publico-solicita-prision-preventiva-para-dos-mujeres-que-raptaron-a-una-bebe-en-la-vega","status":"publish","type":"post","link":"https:\/\/diariodominicano.com\/?p=309174","title":{"rendered":"Ministerio P\u00fablico solicita prisi\u00f3n preventiva para dos mujeres que raptaron a una beb\u00e9 en La Vega"},"content":{"rendered":"\n<p>diariodominicano.com<\/p>\n\n\n\n<p><strong>La Vega, R. D., 18 de noviembre, 2021.-<\/strong>\u00a0El Ministerio P\u00fablico solicit\u00f3 a un tribunal de esta demarcaci\u00f3n que le imponga prisi\u00f3n preventiva a dos mujeres que la pasada semana raptaron a una beb\u00e9 del distrito municipal Cutup\u00fa y la trasladaron a la comunidad de Bonagua.<\/p>\n\n\n\n<p>La Oficina Judicial de Servicios de Atenci\u00f3n Permanente de La Vega conocer\u00e1 la medida de coerci\u00f3n solicitada por el Ministerio P\u00fablico para las imputadas Anivielka Baldera Cris\u00f3stomo (o Anibelca Baldera Cris\u00f3stomo o Any) y Yomarlin del Carmen Col\u00f3n Ramos, de 35 y 20 a\u00f1os de edad, respectivamente.&nbsp;&nbsp;<\/p>\n\n\n\n<p>La audiencia fue aplazada para este viernes 19 de noviembre, a las 9:00 de la ma\u00f1ana, a solicitud de los abogados de las encartadas, que pidieron m\u00e1s tiempo para conocer el expediente y preparar su defensa.&nbsp;&nbsp;<\/p>\n\n\n\n<p>En la instancia con la solicitud, la Fiscal\u00eda de La Vega precisa que el hecho ocurri\u00f3 el pasado 10 de noviembre, aproximadamente a las 9:20 de la ma\u00f1ana, mientras la madre de la ni\u00f1a de un mes de nacida se encontraba tomando una ducha en su residencia.&nbsp;&nbsp;<\/p>\n\n\n\n<p>Detalla que la mujer escuch\u00f3 el quejido de su hija, que se encontraba durmiendo en una cuna en la sala de la casa, y que cuando se dirigi\u00f3 al lugar y se percat\u00f3 de que no estaba, comenz\u00f3 a buscarla.&nbsp;&nbsp;&nbsp;<\/p>\n\n\n\n<p>El documento precisa que la madre de la v\u00edctima interpuso una denuncia ante el destacamento policial de Cutup\u00fa, donde se encontr\u00f3 con la imputada Baldera Cris\u00f3stomo, quien era su amiga y de la cual comenz\u00f3 a sospechar que estaba involucrada en el hecho por preguntas que le hac\u00eda sobre la desaparici\u00f3n de la beb\u00e9, demostrando que ten\u00eda conocimiento del caso a pesar no vivir en la zona.&nbsp;<\/p>\n\n\n\n<p>Durante las investigaciones, las autoridades realizaron un descenso en el lugar de los hechos, donde se llev\u00f3 a cabo un seguimiento de verificaci\u00f3n de todas las c\u00e1maras de seguridad, que llev\u00f3 al arresto de Baldera Cris\u00f3stomo, junto a Col\u00f3n Ramos, quien le acompa\u00f1\u00f3 en el rapto de la ni\u00f1a.&nbsp;&nbsp;<\/p>\n\n\n\n<p>En el transcurso de las pesquisas se estableci\u00f3 que la imputada hab\u00eda sustra\u00eddo a la reci\u00e9n nacida alegando que necesitaba una ni\u00f1a para hacerle creer a su pareja que hab\u00eda dado a luz, ya que ten\u00eda varios meses fingiendo estar embarazada.&nbsp;&nbsp;<\/p>\n\n\n\n<p>La Fiscal\u00eda de La Vega ha otorgado al caso la calificaci\u00f3n jur\u00eddica provisional de violaci\u00f3n a las disposiciones legales contenidas en los art\u00edculos 265, 266, del C\u00f3digo Penal Dominicano, y el C\u00f3digo para la Protecci\u00f3n y los Derechos Fundamentales de los Ni\u00f1os, Ni\u00f1as y Adolescentes (Ley 136-03), en sus art\u00edculos 1, 12, 18, 396 y 397, y el art\u00edculo 1 de la Ley 137-03, sobre Tr\u00e1fico Il\u00edcito de Migrantes y Trata de Personas.&nbsp;&nbsp;<\/p>\n\n\n\n<p>Fuente:  <strong>Direcci\u00f3n de Comunicaci\u00f3n y Prensa<\/strong><\/p>\n\n\n\n<p><strong>Procuradur\u00eda General-Ministerio P\u00fablico RD<\/strong><\/p>\n\n\n\n<p><strong>Jueves, 18 de noviembre de 2021.<\/strong><\/p>\n\n\n\n<p><\/p>\n","protected":false},"excerpt":{"rendered":"<p>diariodominicano.com La Vega, R. D., 18 de noviembre, 2021.-\u00a0El Ministerio P\u00fablico solicit\u00f3 a un tribunal de esta demarcaci\u00f3n que le imponga prisi\u00f3n preventiva a dos mujeres que la pasada semana raptaron a una beb\u00e9 del distrito municipal Cutup\u00fa y la trasladaron a la comunidad de Bonagua. La Oficina Judicial de Servicios de Atenci\u00f3n Permanente de [&hellip;]<\/p>\n","protected":false},"author":5,"featured_media":294464,"comment_status":"closed","ping_status":"","sticky":true,"template":"","format":"standard","meta":{"footnotes":""},"categories":[24,27],"tags":[],"class_list":["post-309174","post","type-post","status-publish","format-standard","has-post-thumbnail","hentry","category-justicia-y-derecho","category-portada"],"_links":{"self":[{"href":"https:\/\/diariodominicano.com\/index.php?rest_route=\/wp\/v2\/posts\/309174","targetHints":{"allow":["GET"]}}],"collection":[{"href":"https:\/\/diariodominicano.com\/index.php?rest_route=\/wp\/v2\/posts"}],"about":[{"href":"https:\/\/diariodominicano.com\/index.php?rest_route=\/wp\/v2\/types\/post"}],"author":[{"embeddable":true,"href":"https:\/\/diariodominicano.com\/index.php?rest_route=\/wp\/v2\/users\/5"}],"replies":[{"embeddable":true,"href":"https:\/\/diariodominicano.com\/index.php?rest_route=%2Fwp%2Fv2%2Fcomments&post=309174"}],"version-history":[{"count":1,"href":"https:\/\/diariodominicano.com\/index.php?rest_route=\/wp\/v2\/posts\/309174\/revisions"}],"predecessor-version":[{"id":309178,"href":"https:\/\/diariodominicano.com\/index.php?rest_route=\/wp\/v2\/posts\/309174\/revisions\/309178"}],"wp:featuredmedia":[{"embeddable":true,"href":"https:\/\/diariodominicano.com\/index.php?rest_route=\/wp\/v2\/media\/294464"}],"wp:attachment":[{"href":"https:\/\/diariodominicano.com\/index.php?rest_route=%2Fwp%2Fv2%2Fmedia&parent=309174"}],"wp:term":[{"taxonomy":"category","embeddable":true,"href":"https:\/\/diariodominicano.com\/index.php?rest_route=%2Fwp%2Fv2%2Fcategories&post=309174"},{"taxonomy":"post_tag","embeddable":true,"href":"https:\/\/diariodominicano.com\/index.php?rest_route=%2Fwp%2Fv2%2Ftags&post=309174"}],"curies":[{"name":"wp","href":"https:\/\/api.w.org\/{rel}","templated":true}]}}