{"id":309166,"date":"2021-11-18T16:22:15","date_gmt":"2021-11-18T20:22:15","guid":{"rendered":"http:\/\/diariodominicano.com\/?p=309166"},"modified":"2021-11-18T16:22:15","modified_gmt":"2021-11-18T20:22:15","slug":"nueva-caravana-migrante-centroamericana-parte-de-tapachula-mexico-rumbo-a-frontera-con-eeuu","status":"publish","type":"post","link":"https:\/\/diariodominicano.com\/?p=309166","title":{"rendered":"Nueva caravana migrante centroamericana parte de Tapachula, M\u00e9xico, rumbo a frontera con EEUU"},"content":{"rendered":"\n<p>diariodominicano.com<a rel=\"noreferrer noopener\" href=\"https:\/\/www.xinhua-news.com\/gdsdetailxhs\/share\/10621987-?pageflag=iframe\" target=\"_blank\"><\/a><\/p>\n\n\n\n<pre id=\"text-news-description\" class=\"wp-block-preformatted\">   MEXICO, 18 nov (Xinhua) -- Una nueva caravana migrante integrada por cerca de 2.500 personas originarias de pa\u00edses centroamericanos y Hait\u00ed, en su mayor\u00eda, parti\u00f3 hoy jueves de la ciudad de Tapachula, en el estado mexicano de Chiapas (sur) y fronteriza con Guatemala.\n   El contingente tiene el objetivo de llegar a la frontera entre M\u00e9xico y Estados Unidos, luego de meses de espera en Tapachula a que la Comisi\u00f3n Mexicana de Ayuda a Refugiados resuelva sus tr\u00e1mites migratorios, seg\u00fan alegan sus organizadores y algunos migrantes citados por reportes de medios locales.\n   El 23 de octubre parti\u00f3 una primera caravana desde Tapachula con destino a la Ciudad de M\u00e9xico, pero tras la reapertura de la frontera norte el pasado 8 de noviembre a actividades no esenciales, sus organizadores decidieron fijar el objetivo en el estado de Sonora, para intentar ingresar a Estados Unidos por Arizona.\n   Ese primer grupo se encuentra actualmente en Veracruz, mermado por el cansancio f\u00edsico de 25 d\u00edas de traves\u00eda y la aceptaci\u00f3n por m\u00e1s de 1.000 de sus integrantes de la documentaci\u00f3n que expide la autoridad migratoria mexicana para que puedan estar regularmente en el pa\u00eds.\n   La regi\u00f3n centroamericana afronta este a\u00f1o un flujo de migrantes in\u00e9dito. Entre enero y agosto se contabilizaron m\u00e1s de 147.000 migrantes irregulares en M\u00e9xico, el triple de todo 2020, de acuerdo con cifras del Instituto Nacional de Migraci\u00f3n.\n   Entre el 1 de octubre de 2020 y el 30 de septiembre de 2021, el n\u00famero de migrantes detenidos por autoridades estadounidenses alcanz\u00f3 el m\u00e1ximo hist\u00f3rico para un a\u00f1o fiscal de 1.734.686, seg\u00fan datos de la Oficina de Aduana y Protecci\u00f3n Fronteriza de Estados Unidos.<\/pre>\n","protected":false},"excerpt":{"rendered":"<p>diariodominicano.com MEXICO, 18 nov (Xinhua) &#8212; Una nueva caravana migrante integrada por cerca de 2.500 personas originarias de pa\u00edses centroamericanos y Hait\u00ed, en su mayor\u00eda, parti\u00f3 hoy jueves de la ciudad de Tapachula, en el estado mexicano de Chiapas (sur) y fronteriza con Guatemala. El contingente tiene el objetivo de llegar a la frontera entre [&hellip;]<\/p>\n","protected":false},"author":5,"featured_media":309172,"comment_status":"closed","ping_status":"","sticky":true,"template":"","format":"standard","meta":{"footnotes":""},"categories":[23,27],"tags":[],"class_list":["post-309166","post","type-post","status-publish","format-standard","has-post-thumbnail","hentry","category-internacional","category-portada"],"_links":{"self":[{"href":"https:\/\/diariodominicano.com\/index.php?rest_route=\/wp\/v2\/posts\/309166","targetHints":{"allow":["GET"]}}],"collection":[{"href":"https:\/\/diariodominicano.com\/index.php?rest_route=\/wp\/v2\/posts"}],"about":[{"href":"https:\/\/diariodominicano.com\/index.php?rest_route=\/wp\/v2\/types\/post"}],"author":[{"embeddable":true,"href":"https:\/\/diariodominicano.com\/index.php?rest_route=\/wp\/v2\/users\/5"}],"replies":[{"embeddable":true,"href":"https:\/\/diariodominicano.com\/index.php?rest_route=%2Fwp%2Fv2%2Fcomments&post=309166"}],"version-history":[{"count":1,"href":"https:\/\/diariodominicano.com\/index.php?rest_route=\/wp\/v2\/posts\/309166\/revisions"}],"predecessor-version":[{"id":309173,"href":"https:\/\/diariodominicano.com\/index.php?rest_route=\/wp\/v2\/posts\/309166\/revisions\/309173"}],"wp:featuredmedia":[{"embeddable":true,"href":"https:\/\/diariodominicano.com\/index.php?rest_route=\/wp\/v2\/media\/309172"}],"wp:attachment":[{"href":"https:\/\/diariodominicano.com\/index.php?rest_route=%2Fwp%2Fv2%2Fmedia&parent=309166"}],"wp:term":[{"taxonomy":"category","embeddable":true,"href":"https:\/\/diariodominicano.com\/index.php?rest_route=%2Fwp%2Fv2%2Fcategories&post=309166"},{"taxonomy":"post_tag","embeddable":true,"href":"https:\/\/diariodominicano.com\/index.php?rest_route=%2Fwp%2Fv2%2Ftags&post=309166"}],"curies":[{"name":"wp","href":"https:\/\/api.w.org\/{rel}","templated":true}]}}