{"id":309115,"date":"2021-11-18T12:35:04","date_gmt":"2021-11-18T16:35:04","guid":{"rendered":"http:\/\/diariodominicano.com\/?p=309115"},"modified":"2021-11-18T12:35:04","modified_gmt":"2021-11-18T16:35:04","slug":"gobierno-inicia-proceso-de-titulacion-en-el-almirante-y-san-luis-en-santo-domingo-este","status":"publish","type":"post","link":"https:\/\/diariodominicano.com\/?p=309115","title":{"rendered":"Gobierno inicia proceso de titulaci\u00f3n en El Almirante y San Luis, en Santo Domingo Este"},"content":{"rendered":"\n<p>diariodominicano.com<\/p>\n\n\n\n<p>Santo Domingo, R. D.,  18 de noviembre, 2021.\u2013 Para dar continuaci\u00f3n al desarrollo de los programas de titulaci\u00f3n que est\u00e1 llevando a cabo el Gobierno dominicano en todo el territorio nacional, el director ejecutivo de Bienes Nacionales, C\u00e9sar Cede\u00f1o, particip\u00f3 este mi\u00e9rcoles en el acto de lanzamiento de este proyecto en los sectores El Almirante y San Luis, en Santo Domingo Este.<\/p>\n\n\n\n<p>\u201cSeguimos trabajando junto a las comisiones designadas por el presidente Luis Abinader en pro de que los dominicanos puedan adquirir sus t\u00edtulos definitivos de propiedad. Con este documento los propietarios tienen la ventaja de acceder al cr\u00e9dito bancario y as\u00ed poder hacer importantes inversiones\u201d, dijo Cede\u00f1o.<\/p>\n\n\n\n<p>\u201cVuelvo y reitero que con estas acciones tengo la certeza de que el presidente Luis Abinader ser\u00e1 consagrado como el padre de la titulaci\u00f3n en la Rep\u00fablica Dominicana\u201d, dijo el funcionario en un momento del acto.<\/p>\n\n\n\n<p>Cesar Cede\u00f1o afirm\u00f3 que el programa de titularidad pretende impactar a m\u00e1s de 400,000 personas, de manera directa, por lo que el Gobierno ha asumido este proyecto como una de sus pol\u00edticas p\u00fablicas m\u00e1s importantes. &nbsp;En esta primera etapa se favorecer\u00eda a m\u00e1s de 10,000 familias de estos sectores.<\/p>\n\n\n\n<p>Al acto asistieron M\u00e9rido Torres, presidente de la Comisi\u00f3n Permanente de Titulaci\u00f3n; Manuel Jim\u00e9nez, alcalde de Santo Domingo Este; Julia Grullar, gobernadora por la Provincia Santo Domingo, y Antonio Taveras, senador por la provincia Santo Domingo, entre otras personalidades.<\/p>\n\n\n\n<p>Fuente: Direcci\u00f3n de Estrategia y Comunicaci\u00f3n Gubernamental<\/p>\n\n\n\n<p>Ministerio Administrativo de la Presidencia de la Rep\u00fablica Dominicana<\/p>\n","protected":false},"excerpt":{"rendered":"<p>diariodominicano.com Santo Domingo, R. D., 18 de noviembre, 2021.\u2013 Para dar continuaci\u00f3n al desarrollo de los programas de titulaci\u00f3n que est\u00e1 llevando a cabo el Gobierno dominicano en todo el territorio nacional, el director ejecutivo de Bienes Nacionales, C\u00e9sar Cede\u00f1o, particip\u00f3 este mi\u00e9rcoles en el acto de lanzamiento de este proyecto en los sectores El [&hellip;]<\/p>\n","protected":false},"author":5,"featured_media":309127,"comment_status":"closed","ping_status":"","sticky":true,"template":"","format":"standard","meta":{"footnotes":""},"categories":[20,27],"tags":[],"class_list":["post-309115","post","type-post","status-publish","format-standard","has-post-thumbnail","hentry","category-dominicana-hoy","category-portada"],"_links":{"self":[{"href":"https:\/\/diariodominicano.com\/index.php?rest_route=\/wp\/v2\/posts\/309115","targetHints":{"allow":["GET"]}}],"collection":[{"href":"https:\/\/diariodominicano.com\/index.php?rest_route=\/wp\/v2\/posts"}],"about":[{"href":"https:\/\/diariodominicano.com\/index.php?rest_route=\/wp\/v2\/types\/post"}],"author":[{"embeddable":true,"href":"https:\/\/diariodominicano.com\/index.php?rest_route=\/wp\/v2\/users\/5"}],"replies":[{"embeddable":true,"href":"https:\/\/diariodominicano.com\/index.php?rest_route=%2Fwp%2Fv2%2Fcomments&post=309115"}],"version-history":[{"count":1,"href":"https:\/\/diariodominicano.com\/index.php?rest_route=\/wp\/v2\/posts\/309115\/revisions"}],"predecessor-version":[{"id":309128,"href":"https:\/\/diariodominicano.com\/index.php?rest_route=\/wp\/v2\/posts\/309115\/revisions\/309128"}],"wp:featuredmedia":[{"embeddable":true,"href":"https:\/\/diariodominicano.com\/index.php?rest_route=\/wp\/v2\/media\/309127"}],"wp:attachment":[{"href":"https:\/\/diariodominicano.com\/index.php?rest_route=%2Fwp%2Fv2%2Fmedia&parent=309115"}],"wp:term":[{"taxonomy":"category","embeddable":true,"href":"https:\/\/diariodominicano.com\/index.php?rest_route=%2Fwp%2Fv2%2Fcategories&post=309115"},{"taxonomy":"post_tag","embeddable":true,"href":"https:\/\/diariodominicano.com\/index.php?rest_route=%2Fwp%2Fv2%2Ftags&post=309115"}],"curies":[{"name":"wp","href":"https:\/\/api.w.org\/{rel}","templated":true}]}}