{"id":309110,"date":"2021-11-18T12:04:37","date_gmt":"2021-11-18T16:04:37","guid":{"rendered":"http:\/\/diariodominicano.com\/?p=309110"},"modified":"2021-11-18T12:04:37","modified_gmt":"2021-11-18T16:04:37","slug":"policias-haitianos-viajan-a-turquia-para-trasladar-samir-handal-sospechoso-de-participar-asesinato-de-jovenel-moise-presidente-de-haiti","status":"publish","type":"post","link":"https:\/\/diariodominicano.com\/?p=309110","title":{"rendered":"Polic\u00edas haitianos viajan a Turqu\u00eda para trasladar Samir Handal sospechoso de participar asesinato de Jovenel Mo\u00efse, presidente de Hait\u00ed"},"content":{"rendered":"\n<p>diariodominicano.com<\/p>\n\n\n\n<p>Puerto Pr\u00edncipe, 18 nov (Prensa Latina) Agentes policiales de Hait\u00ed viajar\u00e1n a Turqu\u00eda para trasladar a Samir Handal, sospechoso de participar en el asesinato del presidente Jovenel Mo\u00efse, que hoy se encuentra detenido en el pa\u00eds euroasi\u00e1tico.<\/p>\n\n\n\n<p>El portavoz de las fuerzas del orden, Garry Desrosiers, record\u00f3 que sobre el empresario pesan \u00f3rdenes de b\u00fasqueda y captura a nivel internacional, por su presunta implicaci\u00f3n en el hecho ocurrido el 7 de julio.<\/p>\n\n\n\n<p>Desrosiers confirm\u00f3 que Handal vol\u00f3 a Estambul procedente de Miami, Estados Unidos, y ten\u00eda la intenci\u00f3n de dirigirse a un pa\u00eds de Medio Oriente cuando fue interceptado por las autoridades turcas.<\/p>\n\n\n\n<p>Se espera que la deportaci\u00f3n suceda en los pr\u00f3ximos d\u00edas, sugiri\u00f3 el canciller Claude Joseph, quien agradeci\u00f3 al Gobierno del pa\u00eds euroasi\u00e1tico por la detenci\u00f3n del sospechoso.<\/p>\n\n\n\n<p>Organizaciones de derechos humanos denunciaron poco despu\u00e9s del magnicidio que Handal sali\u00f3 del pa\u00eds escoltado por agentes policiales que lo acompa\u00f1aron hasta el aeropuerto internacional Toussaint Louverture.<\/p>\n\n\n\n<p>Las autoridades haitianas buscan tambi\u00e9n a la exjueza de la Corte de Casaci\u00f3n Wendelle Coq, el exsenador John Joel Joseph y el abogado Joseph Felix Badio, a quienes consideran parte fundamental de la trama.<\/p>\n\n\n\n<p>A mediados de octubre, el exmilitar colombiano Marco Antonio Palacios fue interceptado en Jamaica luego de ingresar ilegalmente a ese territorio, y a pesar de que los dos pa\u00edses caribe\u00f1os no tienen firmados acuerdos de este tipo las autoridades negocian su extradici\u00f3n.<\/p>\n\n\n\n<p>Al menos 40 personas se encuentran detenidas en la Penitenciar\u00eda Nacional por su supuesta relaci\u00f3n con el magnicidio, de los cuales 18 son colombianos acusados de integrar el comando armado que ultim\u00f3 al presidente.<\/p>\n\n\n\n<p>El mi\u00e9rcoles se conoci\u00f3 que el excomisario policial Gilbert Dragon, otro de los apresados, muri\u00f3 por complicaciones de Covid-19 en un hospital de la capital.<\/p>\n\n\n\n<p>jf\/ane<\/p>\n","protected":false},"excerpt":{"rendered":"<p>diariodominicano.com Puerto Pr\u00edncipe, 18 nov (Prensa Latina) Agentes policiales de Hait\u00ed viajar\u00e1n a Turqu\u00eda para trasladar a Samir Handal, sospechoso de participar en el asesinato del presidente Jovenel Mo\u00efse, que hoy se encuentra detenido en el pa\u00eds euroasi\u00e1tico. El portavoz de las fuerzas del orden, Garry Desrosiers, record\u00f3 que sobre el empresario pesan \u00f3rdenes de [&hellip;]<\/p>\n","protected":false},"author":5,"featured_media":309112,"comment_status":"closed","ping_status":"","sticky":true,"template":"","format":"standard","meta":{"footnotes":""},"categories":[23,27],"tags":[],"class_list":["post-309110","post","type-post","status-publish","format-standard","has-post-thumbnail","hentry","category-internacional","category-portada"],"_links":{"self":[{"href":"https:\/\/diariodominicano.com\/index.php?rest_route=\/wp\/v2\/posts\/309110","targetHints":{"allow":["GET"]}}],"collection":[{"href":"https:\/\/diariodominicano.com\/index.php?rest_route=\/wp\/v2\/posts"}],"about":[{"href":"https:\/\/diariodominicano.com\/index.php?rest_route=\/wp\/v2\/types\/post"}],"author":[{"embeddable":true,"href":"https:\/\/diariodominicano.com\/index.php?rest_route=\/wp\/v2\/users\/5"}],"replies":[{"embeddable":true,"href":"https:\/\/diariodominicano.com\/index.php?rest_route=%2Fwp%2Fv2%2Fcomments&post=309110"}],"version-history":[{"count":1,"href":"https:\/\/diariodominicano.com\/index.php?rest_route=\/wp\/v2\/posts\/309110\/revisions"}],"predecessor-version":[{"id":309114,"href":"https:\/\/diariodominicano.com\/index.php?rest_route=\/wp\/v2\/posts\/309110\/revisions\/309114"}],"wp:featuredmedia":[{"embeddable":true,"href":"https:\/\/diariodominicano.com\/index.php?rest_route=\/wp\/v2\/media\/309112"}],"wp:attachment":[{"href":"https:\/\/diariodominicano.com\/index.php?rest_route=%2Fwp%2Fv2%2Fmedia&parent=309110"}],"wp:term":[{"taxonomy":"category","embeddable":true,"href":"https:\/\/diariodominicano.com\/index.php?rest_route=%2Fwp%2Fv2%2Fcategories&post=309110"},{"taxonomy":"post_tag","embeddable":true,"href":"https:\/\/diariodominicano.com\/index.php?rest_route=%2Fwp%2Fv2%2Ftags&post=309110"}],"curies":[{"name":"wp","href":"https:\/\/api.w.org\/{rel}","templated":true}]}}