{"id":309060,"date":"2021-11-18T11:30:50","date_gmt":"2021-11-18T15:30:50","guid":{"rendered":"http:\/\/diariodominicano.com\/?p=309060"},"modified":"2021-11-18T12:33:38","modified_gmt":"2021-11-18T16:33:38","slug":"decology-by-beato-inaugura-nueva-sucursal-en-puerto-plata","status":"publish","type":"post","link":"https:\/\/diariodominicano.com\/?p=309060","title":{"rendered":"Decology By Beato inaugura nueva sucursal en Puerto Plata"},"content":{"rendered":"\n<p><strong><em>Con finos elementos decorativos, revestimientos, plafones, grifer\u00eda, texturas, iluminaci\u00f3n, pisos y decoraci\u00f3n en general<\/em><\/strong><\/p>\n\n\n\n<p><strong>Puerto Plata, Rep. Dom<\/strong>.- Arquitectos, dise\u00f1adores de interiores,&nbsp;ingenieros, decoradores y otras distinguidas personalidades dedicadas al dise\u00f1o, la decoraci\u00f3n y al mundo empresarial, festejaron&nbsp;este mi\u00e9rcoles<strong>,&nbsp;<\/strong>junto a ejecutivos del Grupo Beato, la inauguraci\u00f3n formal de&nbsp;su nueva sucursal de Decology en la novia del Atl\u00e1ntico, Puerto Plata,<\/p>\n\n\n\n<p>La moderna tienda,&nbsp;propiedad franquiciada por&nbsp;el reconocido empresario de Puerto Plata, Jes\u00fas R. Cabrera,&nbsp;quien adem\u00e1s es el CEO de la misma<strong>,&nbsp;<\/strong>est\u00e1conceptualizada en el creativo dise\u00f1o de la&nbsp;arquitecta&nbsp;Rosa San\u00f3<strong>;&nbsp;<\/strong>cuenta con un amplio y novedoso espacio, en donde&nbsp;por la ocasi\u00f3n de la apertura<strong>,<\/strong>&nbsp;los invitados disfrutaron de un brindis mientras hac\u00edan un recorrido por el&nbsp;nuevo espacio<strong>,&nbsp;<\/strong>apreciando cada una de las piezas y materiales all\u00ed exhibidos.<\/p>\n\n\n\n<p>Ana Luz Beato, Gerente Administrativa de Decology, tuvo a su cargo las palabras de&nbsp;bienvenida, mientras que&nbsp;el&nbsp;discurso de apertura&nbsp;a los invitados y futuros clientes de la marca, fue pronunciado&nbsp;por el anfitri\u00f3n<strong>,<\/strong>&nbsp;Jes\u00fas R. Cabrera.&nbsp;<\/p>\n\n\n\n<div class=\"wp-block-jetpack-slideshow aligncenter\" data-effect=\"slide\"><div class=\"wp-block-jetpack-slideshow_container swiper-container\"><ul class=\"wp-block-jetpack-slideshow_swiper-wrapper swiper-wrapper\"><li class=\"wp-block-jetpack-slideshow_slide swiper-slide\"><figure><img loading=\"lazy\" decoding=\"async\" width=\"1280\" height=\"854\" alt=\"\" class=\"wp-block-jetpack-slideshow_image wp-image-309087\" data-id=\"309087\" src=\"https:\/\/diariodominicano.com\/wp-content\/uploads\/2021\/11\/Obispo-Julio-Cesar-Corniel-dirigio-la-bendicion.jpg\" srcset=\"https:\/\/diariodominicano.com\/wp-content\/uploads\/2021\/11\/Obispo-Julio-Cesar-Corniel-dirigio-la-bendicion.jpg 1280w, https:\/\/diariodominicano.com\/wp-content\/uploads\/2021\/11\/Obispo-Julio-Cesar-Corniel-dirigio-la-bendicion-300x200.jpg 300w, https:\/\/diariodominicano.com\/wp-content\/uploads\/2021\/11\/Obispo-Julio-Cesar-Corniel-dirigio-la-bendicion-1024x683.jpg 1024w, https:\/\/diariodominicano.com\/wp-content\/uploads\/2021\/11\/Obispo-Julio-Cesar-Corniel-dirigio-la-bendicion-768x512.jpg 768w, https:\/\/diariodominicano.com\/wp-content\/uploads\/2021\/11\/Obispo-Julio-Cesar-Corniel-dirigio-la-bendicion-816x544.jpg 816w\" sizes=\"auto, (max-width: 1280px) 100vw, 1280px\" \/><figcaption class=\"wp-block-jetpack-slideshow_caption gallery-caption\">Obispo Julio Cesar Corniel dirigio la bendicion<\/figcaption><\/figure><\/li><li class=\"wp-block-jetpack-slideshow_slide swiper-slide\"><figure><img loading=\"lazy\" decoding=\"async\" width=\"1280\" height=\"854\" alt=\"\" class=\"wp-block-jetpack-slideshow_image wp-image-309086\" data-id=\"309086\" src=\"https:\/\/diariodominicano.com\/wp-content\/uploads\/2021\/11\/Miembros-de-la-prensa-de-Puerto-Plata-respaldaron-la-actividad.jpg\" srcset=\"https:\/\/diariodominicano.com\/wp-content\/uploads\/2021\/11\/Miembros-de-la-prensa-de-Puerto-Plata-respaldaron-la-actividad.jpg 1280w, https:\/\/diariodominicano.com\/wp-content\/uploads\/2021\/11\/Miembros-de-la-prensa-de-Puerto-Plata-respaldaron-la-actividad-300x200.jpg 300w, https:\/\/diariodominicano.com\/wp-content\/uploads\/2021\/11\/Miembros-de-la-prensa-de-Puerto-Plata-respaldaron-la-actividad-1024x683.jpg 1024w, https:\/\/diariodominicano.com\/wp-content\/uploads\/2021\/11\/Miembros-de-la-prensa-de-Puerto-Plata-respaldaron-la-actividad-768x512.jpg 768w, https:\/\/diariodominicano.com\/wp-content\/uploads\/2021\/11\/Miembros-de-la-prensa-de-Puerto-Plata-respaldaron-la-actividad-816x544.jpg 816w\" sizes=\"auto, (max-width: 1280px) 100vw, 1280px\" \/><figcaption class=\"wp-block-jetpack-slideshow_caption gallery-caption\">Miembros de la prensa de Puerto Plata respaldaron la actividad<\/figcaption><\/figure><\/li><li class=\"wp-block-jetpack-slideshow_slide swiper-slide\"><figure><img loading=\"lazy\" decoding=\"async\" width=\"1280\" height=\"854\" alt=\"\" class=\"wp-block-jetpack-slideshow_image wp-image-309085\" data-id=\"309085\" src=\"https:\/\/diariodominicano.com\/wp-content\/uploads\/2021\/11\/Miembros-de-la-familia-Cabrera-durante-el-evento.jpg\" srcset=\"https:\/\/diariodominicano.com\/wp-content\/uploads\/2021\/11\/Miembros-de-la-familia-Cabrera-durante-el-evento.jpg 1280w, https:\/\/diariodominicano.com\/wp-content\/uploads\/2021\/11\/Miembros-de-la-familia-Cabrera-durante-el-evento-300x200.jpg 300w, https:\/\/diariodominicano.com\/wp-content\/uploads\/2021\/11\/Miembros-de-la-familia-Cabrera-durante-el-evento-1024x683.jpg 1024w, https:\/\/diariodominicano.com\/wp-content\/uploads\/2021\/11\/Miembros-de-la-familia-Cabrera-durante-el-evento-768x512.jpg 768w, https:\/\/diariodominicano.com\/wp-content\/uploads\/2021\/11\/Miembros-de-la-familia-Cabrera-durante-el-evento-816x544.jpg 816w\" sizes=\"auto, (max-width: 1280px) 100vw, 1280px\" \/><figcaption class=\"wp-block-jetpack-slideshow_caption gallery-caption\">Miembros de la familia Cabrera durante el evento<\/figcaption><\/figure><\/li><li class=\"wp-block-jetpack-slideshow_slide swiper-slide\"><figure><img loading=\"lazy\" decoding=\"async\" width=\"1280\" height=\"854\" alt=\"\" class=\"wp-block-jetpack-slideshow_image wp-image-309084\" data-id=\"309084\" src=\"https:\/\/diariodominicano.com\/wp-content\/uploads\/2021\/11\/Jesus-Rafael-Cabrera-recibe-apoyo-de-relacionados.jpg\" srcset=\"https:\/\/diariodominicano.com\/wp-content\/uploads\/2021\/11\/Jesus-Rafael-Cabrera-recibe-apoyo-de-relacionados.jpg 1280w, https:\/\/diariodominicano.com\/wp-content\/uploads\/2021\/11\/Jesus-Rafael-Cabrera-recibe-apoyo-de-relacionados-300x200.jpg 300w, https:\/\/diariodominicano.com\/wp-content\/uploads\/2021\/11\/Jesus-Rafael-Cabrera-recibe-apoyo-de-relacionados-1024x683.jpg 1024w, https:\/\/diariodominicano.com\/wp-content\/uploads\/2021\/11\/Jesus-Rafael-Cabrera-recibe-apoyo-de-relacionados-768x512.jpg 768w, https:\/\/diariodominicano.com\/wp-content\/uploads\/2021\/11\/Jesus-Rafael-Cabrera-recibe-apoyo-de-relacionados-816x544.jpg 816w\" sizes=\"auto, (max-width: 1280px) 100vw, 1280px\" \/><figcaption class=\"wp-block-jetpack-slideshow_caption gallery-caption\">Jesus Rafael Cabrera recibe apoyo de relacionados<\/figcaption><\/figure><\/li><li class=\"wp-block-jetpack-slideshow_slide swiper-slide\"><figure><img loading=\"lazy\" decoding=\"async\" width=\"1280\" height=\"854\" alt=\"\" class=\"wp-block-jetpack-slideshow_image wp-image-309083\" data-id=\"309083\" src=\"https:\/\/diariodominicano.com\/wp-content\/uploads\/2021\/11\/Jesus-Rafael-Cabrera-durante-su-discurso.jpg\" srcset=\"https:\/\/diariodominicano.com\/wp-content\/uploads\/2021\/11\/Jesus-Rafael-Cabrera-durante-su-discurso.jpg 1280w, https:\/\/diariodominicano.com\/wp-content\/uploads\/2021\/11\/Jesus-Rafael-Cabrera-durante-su-discurso-300x200.jpg 300w, https:\/\/diariodominicano.com\/wp-content\/uploads\/2021\/11\/Jesus-Rafael-Cabrera-durante-su-discurso-1024x683.jpg 1024w, https:\/\/diariodominicano.com\/wp-content\/uploads\/2021\/11\/Jesus-Rafael-Cabrera-durante-su-discurso-768x512.jpg 768w, https:\/\/diariodominicano.com\/wp-content\/uploads\/2021\/11\/Jesus-Rafael-Cabrera-durante-su-discurso-816x544.jpg 816w\" sizes=\"auto, (max-width: 1280px) 100vw, 1280px\" \/><figcaption class=\"wp-block-jetpack-slideshow_caption gallery-caption\">Jesus Rafael Cabrera durante su discurso<\/figcaption><\/figure><\/li><li class=\"wp-block-jetpack-slideshow_slide swiper-slide\"><figure><img loading=\"lazy\" decoding=\"async\" width=\"854\" height=\"1280\" alt=\"\" class=\"wp-block-jetpack-slideshow_image wp-image-309082\" data-id=\"309082\" src=\"https:\/\/diariodominicano.com\/wp-content\/uploads\/2021\/11\/Ejecutivos-de-la-firma-Decology-junto-a-Jesus-Rafael-Cabrera.jpg\" srcset=\"https:\/\/diariodominicano.com\/wp-content\/uploads\/2021\/11\/Ejecutivos-de-la-firma-Decology-junto-a-Jesus-Rafael-Cabrera.jpg 854w, https:\/\/diariodominicano.com\/wp-content\/uploads\/2021\/11\/Ejecutivos-de-la-firma-Decology-junto-a-Jesus-Rafael-Cabrera-200x300.jpg 200w, https:\/\/diariodominicano.com\/wp-content\/uploads\/2021\/11\/Ejecutivos-de-la-firma-Decology-junto-a-Jesus-Rafael-Cabrera-683x1024.jpg 683w, https:\/\/diariodominicano.com\/wp-content\/uploads\/2021\/11\/Ejecutivos-de-la-firma-Decology-junto-a-Jesus-Rafael-Cabrera-768x1151.jpg 768w, https:\/\/diariodominicano.com\/wp-content\/uploads\/2021\/11\/Ejecutivos-de-la-firma-Decology-junto-a-Jesus-Rafael-Cabrera-816x1223.jpg 816w\" sizes=\"auto, (max-width: 854px) 100vw, 854px\" \/><figcaption class=\"wp-block-jetpack-slideshow_caption gallery-caption\">Ejecutivos de la firma Decology junto a Jesus Rafael Cabrera<\/figcaption><\/figure><\/li><li class=\"wp-block-jetpack-slideshow_slide swiper-slide\"><figure><img loading=\"lazy\" decoding=\"async\" width=\"1280\" height=\"854\" alt=\"\" class=\"wp-block-jetpack-slideshow_image wp-image-309081\" data-id=\"309081\" src=\"https:\/\/diariodominicano.com\/wp-content\/uploads\/2021\/11\/Corte-de-cinta.jpg\" srcset=\"https:\/\/diariodominicano.com\/wp-content\/uploads\/2021\/11\/Corte-de-cinta.jpg 1280w, https:\/\/diariodominicano.com\/wp-content\/uploads\/2021\/11\/Corte-de-cinta-300x200.jpg 300w, https:\/\/diariodominicano.com\/wp-content\/uploads\/2021\/11\/Corte-de-cinta-1024x683.jpg 1024w, https:\/\/diariodominicano.com\/wp-content\/uploads\/2021\/11\/Corte-de-cinta-768x512.jpg 768w, https:\/\/diariodominicano.com\/wp-content\/uploads\/2021\/11\/Corte-de-cinta-816x544.jpg 816w\" sizes=\"auto, (max-width: 1280px) 100vw, 1280px\" \/><figcaption class=\"wp-block-jetpack-slideshow_caption gallery-caption\">Corte de cinta<\/figcaption><\/figure><\/li><li class=\"wp-block-jetpack-slideshow_slide swiper-slide\"><figure><img loading=\"lazy\" decoding=\"async\" width=\"1280\" height=\"910\" alt=\"\" class=\"wp-block-jetpack-slideshow_image wp-image-309080\" data-id=\"309080\" src=\"https:\/\/diariodominicano.com\/wp-content\/uploads\/2021\/11\/Coronel-Ignacio-Pena-Grullon-junto-a-Ramon-Rodriguez-y-Aneudys-Alvarez.jpg\" srcset=\"https:\/\/diariodominicano.com\/wp-content\/uploads\/2021\/11\/Coronel-Ignacio-Pena-Grullon-junto-a-Ramon-Rodriguez-y-Aneudys-Alvarez.jpg 1280w, https:\/\/diariodominicano.com\/wp-content\/uploads\/2021\/11\/Coronel-Ignacio-Pena-Grullon-junto-a-Ramon-Rodriguez-y-Aneudys-Alvarez-300x213.jpg 300w, https:\/\/diariodominicano.com\/wp-content\/uploads\/2021\/11\/Coronel-Ignacio-Pena-Grullon-junto-a-Ramon-Rodriguez-y-Aneudys-Alvarez-1024x728.jpg 1024w, https:\/\/diariodominicano.com\/wp-content\/uploads\/2021\/11\/Coronel-Ignacio-Pena-Grullon-junto-a-Ramon-Rodriguez-y-Aneudys-Alvarez-768x546.jpg 768w, https:\/\/diariodominicano.com\/wp-content\/uploads\/2021\/11\/Coronel-Ignacio-Pena-Grullon-junto-a-Ramon-Rodriguez-y-Aneudys-Alvarez-816x580.jpg 816w\" sizes=\"auto, (max-width: 1280px) 100vw, 1280px\" \/><figcaption class=\"wp-block-jetpack-slideshow_caption gallery-caption\">Coronel Ignacio Pena Grullon junto a Ramon Rodriguez y Aneudys Alvarez<\/figcaption><\/figure><\/li><li class=\"wp-block-jetpack-slideshow_slide swiper-slide\"><figure><img loading=\"lazy\" decoding=\"async\" width=\"1280\" height=\"854\" alt=\"\" class=\"wp-block-jetpack-slideshow_image wp-image-309079\" data-id=\"309079\" src=\"https:\/\/diariodominicano.com\/wp-content\/uploads\/2021\/11\/Ana-Luz-Beato-dirigio-las-palabras-de-bienvenida.jpg\" srcset=\"https:\/\/diariodominicano.com\/wp-content\/uploads\/2021\/11\/Ana-Luz-Beato-dirigio-las-palabras-de-bienvenida.jpg 1280w, https:\/\/diariodominicano.com\/wp-content\/uploads\/2021\/11\/Ana-Luz-Beato-dirigio-las-palabras-de-bienvenida-300x200.jpg 300w, https:\/\/diariodominicano.com\/wp-content\/uploads\/2021\/11\/Ana-Luz-Beato-dirigio-las-palabras-de-bienvenida-1024x683.jpg 1024w, https:\/\/diariodominicano.com\/wp-content\/uploads\/2021\/11\/Ana-Luz-Beato-dirigio-las-palabras-de-bienvenida-768x512.jpg 768w, https:\/\/diariodominicano.com\/wp-content\/uploads\/2021\/11\/Ana-Luz-Beato-dirigio-las-palabras-de-bienvenida-816x544.jpg 816w\" sizes=\"auto, (max-width: 1280px) 100vw, 1280px\" \/><figcaption class=\"wp-block-jetpack-slideshow_caption gallery-caption\">Ana Luz Beato dirigio las palabras de bienvenida <\/figcaption><\/figure><\/li><\/ul><a class=\"wp-block-jetpack-slideshow_button-prev swiper-button-prev swiper-button-white\" role=\"button\"><\/a><a class=\"wp-block-jetpack-slideshow_button-next swiper-button-next swiper-button-white\" role=\"button\"><\/a><a aria-label=\"Pause Slideshow\" class=\"wp-block-jetpack-slideshow_button-pause\" role=\"button\"><\/a><div class=\"wp-block-jetpack-slideshow_pagination swiper-pagination swiper-pagination-white\"><\/div><\/div><\/div>\n\n\n\n<p>\u201cConfiamos con seguridad en la gerencia del se\u00f1or Cabrera, quien ha apostado a nuestra marca para introducir nuevos elementos, para nuevas ideas en su natal provincia, la cual ha sido testigo de su impecable y exitosa trayectoria, y donde bajo su direcci\u00f3n en esta franquicia, juntos conduciremos a Decology Puerto Plata con el mismo amor y esfuerzo que brindamos a cada uno de nuestros clientes y relacionados comerciales.\u201d destac\u00f3 Ana Luz Beato\u201d.<\/p>\n\n\n\n<p>\u201d&nbsp;De su parte, Jes\u00fas Cabrera agradeci\u00f3 por la &nbsp; &nbsp; confianza depositada en \u00e9l y en su equipo para representar la marca en Puerto Plata, al tiempo de agradecer a los presentes por el apoyo que inicialmente brindaron a esta iniciativa, a la que apuesta. Afirm\u00f3 que \u201ccon el apoyo de nuestros clientes y relacionados, Decology Puerto Plata representar\u00e1 un referente para este sector comercial en la Costa Norte\u201d.<\/p>\n\n\n\n<p>La maestr\u00eda de ceremonias estuvo a cargo de la destacada comunicadora, Luz Garc\u00eda, quien desarroll\u00f3 un programa muy ameno para el disfrute de todos los presentes.<\/p>\n\n\n\n<figure class=\"wp-block-table\"><table><tbody><tr><td>ANNY MARIEL&nbsp;GOMEZDirectora<\/td><\/tr><\/tbody><\/table><\/figure>\n","protected":false},"excerpt":{"rendered":"<p>Con finos elementos decorativos, revestimientos, plafones, grifer\u00eda, texturas, iluminaci\u00f3n, pisos y decoraci\u00f3n en general Puerto Plata, Rep. Dom.- Arquitectos, dise\u00f1adores de interiores,&nbsp;ingenieros, decoradores y otras distinguidas personalidades dedicadas al dise\u00f1o, la decoraci\u00f3n y al mundo empresarial, festejaron&nbsp;este mi\u00e9rcoles,&nbsp;junto a ejecutivos del Grupo Beato, la inauguraci\u00f3n formal de&nbsp;su nueva sucursal de Decology en la novia del [&hellip;]<\/p>\n","protected":false},"author":7,"featured_media":309081,"comment_status":"closed","ping_status":"","sticky":true,"template":"","format":"standard","meta":{"footnotes":""},"categories":[25,27],"tags":[],"class_list":["post-309060","post","type-post","status-publish","format-standard","has-post-thumbnail","hentry","category-gente","category-portada"],"_links":{"self":[{"href":"https:\/\/diariodominicano.com\/index.php?rest_route=\/wp\/v2\/posts\/309060","targetHints":{"allow":["GET"]}}],"collection":[{"href":"https:\/\/diariodominicano.com\/index.php?rest_route=\/wp\/v2\/posts"}],"about":[{"href":"https:\/\/diariodominicano.com\/index.php?rest_route=\/wp\/v2\/types\/post"}],"author":[{"embeddable":true,"href":"https:\/\/diariodominicano.com\/index.php?rest_route=\/wp\/v2\/users\/7"}],"replies":[{"embeddable":true,"href":"https:\/\/diariodominicano.com\/index.php?rest_route=%2Fwp%2Fv2%2Fcomments&post=309060"}],"version-history":[{"count":3,"href":"https:\/\/diariodominicano.com\/index.php?rest_route=\/wp\/v2\/posts\/309060\/revisions"}],"predecessor-version":[{"id":309125,"href":"https:\/\/diariodominicano.com\/index.php?rest_route=\/wp\/v2\/posts\/309060\/revisions\/309125"}],"wp:featuredmedia":[{"embeddable":true,"href":"https:\/\/diariodominicano.com\/index.php?rest_route=\/wp\/v2\/media\/309081"}],"wp:attachment":[{"href":"https:\/\/diariodominicano.com\/index.php?rest_route=%2Fwp%2Fv2%2Fmedia&parent=309060"}],"wp:term":[{"taxonomy":"category","embeddable":true,"href":"https:\/\/diariodominicano.com\/index.php?rest_route=%2Fwp%2Fv2%2Fcategories&post=309060"},{"taxonomy":"post_tag","embeddable":true,"href":"https:\/\/diariodominicano.com\/index.php?rest_route=%2Fwp%2Fv2%2Ftags&post=309060"}],"curies":[{"name":"wp","href":"https:\/\/api.w.org\/{rel}","templated":true}]}}