{"id":309059,"date":"2021-11-18T11:43:24","date_gmt":"2021-11-18T15:43:24","guid":{"rendered":"http:\/\/diariodominicano.com\/?p=309059"},"modified":"2021-11-18T11:43:24","modified_gmt":"2021-11-18T15:43:24","slug":"tras-mas-de-4-anos-de-secuestro-religiosa-gloria-narvaez-regresa-a-colombia","status":"publish","type":"post","link":"https:\/\/diariodominicano.com\/?p=309059","title":{"rendered":"Tras m\u00e1s de 4 a\u00f1os de secuestro, religiosa Gloria Narv\u00e1ez regresa a Colombia"},"content":{"rendered":"\n<p>POR\u00a0<a href=\"https:\/\/www.aciprensa.com\/noticias\/tras-mas-de-4-anos-de-secuestro-religiosa-gloria-narvaez-regresa-a-colombia-22716?rel=author\">HARUMI SUZUKI<\/a>\u00a0| ACI Prensa<\/p>\n\n\n\n<p>Vaticano, 18 de noviembre, 2021.-  La religiosa colombiana Gloria Cecilia Narv\u00e1ez, que estuvo secuestrada en Mal\u00ed durante 4 a\u00f1os y 8 meses por terroristas musulmanes, regres\u00f3 este martes 16 de noviembre a su pa\u00eds natal.<\/p>\n\n\n\n<p>A su llegada al Aeropuerto El Dorado en Bogot\u00e1, la hermana Narv\u00e1ez fue recibida con gran emoci\u00f3n por las Hermanas Franciscanas de Mar\u00eda Inmaculada, congregaci\u00f3n a la que pertenece, y por miembros de los Grupos de Acci\u00f3n Unificada por la Libertad Personal (GAULA), quienes apoyaron en su b\u00fasqueda.<\/p>\n\n\n\n<div class=\"wp-block-image\"><figure class=\"alignright size-full\"><img loading=\"lazy\" decoding=\"async\" width=\"360\" height=\"270\" src=\"https:\/\/diariodominicano.com\/wp-content\/uploads\/2021\/11\/Religiosa-GloriaNarvaez-Colombia-Secuestro18-11-21.jpg\" alt=\"\" class=\"wp-image-309096\" srcset=\"https:\/\/diariodominicano.com\/wp-content\/uploads\/2021\/11\/Religiosa-GloriaNarvaez-Colombia-Secuestro18-11-21.jpg 360w, https:\/\/diariodominicano.com\/wp-content\/uploads\/2021\/11\/Religiosa-GloriaNarvaez-Colombia-Secuestro18-11-21-300x225.jpg 300w\" sizes=\"auto, (max-width: 360px) 100vw, 360px\" \/><\/figure><\/div>\n\n\n\n<p><a href=\"https:\/\/twitter.com\/Sebasvillada99\/status\/1460934908000485380\">En su declaraci\u00f3n a medios locales<\/a>, la religiosa agradeci\u00f3 a Dios por darle las fuerzas, a la Virgen Mar\u00eda por haberla protegido y a todas las personas que estuvieron orando por su liberaci\u00f3n.<\/p>\n\n\n\n<p>\u201cAunque fue duro y dif\u00edcil estar en este desierto, yo creo que Dios fue tan grande conmigo y me dio esta oportunidad de seguir viviendo mi misi\u00f3n\u201d, indic\u00f3.<\/p>\n\n\n\n<p>La hermana Narv\u00e1ez agreg\u00f3 que es una emoci\u00f3n \u201cmuy grande de encontrarme con las hermanas, con toda mi gente colombiana\u201d, y resalt\u00f3 que todos los d\u00edas trazaba \u201cel mapa de Colombia con sus departamentos y ped\u00eda a Dios que bendiga a mi patria\u201d.<\/p>\n\n\n\n<p>\u201cYo creo que, si todos los colombianos ponemos nuestra fe en Dios, \u00c9l va a lograr la paz muy pronto y nuestros hermanos que est\u00e1n secuestrados vuelvan a la libertad, ser instrumentos de paz\u201d, remarc\u00f3.<\/p>\n\n\n\n<p>La religiosa se dirigi\u00f3 luego a la Casa General de las Franciscanas de Mar\u00eda Inmaculada en Bogot\u00e1 donde fue recibida con c\u00e1nticos y con una cadena humana por parte de las religiosas y fieles que la esperaban.<\/p>\n\n\n\n<p>La hermana Narv\u00e1ez dijo a las personas reunidas que es \u201cuna gran emoci\u00f3n saber que, como San Francisco de As\u00eds, el Se\u00f1or me dio el don de tener hermanos y hermanas\u201d y resalt\u00f3 que se sinti\u00f3 acompa\u00f1ada por las oraciones de todos.<\/p>\n\n\n\n<div class=\"wp-block-image\"><figure class=\"alignleft size-full\"><img loading=\"lazy\" decoding=\"async\" width=\"360\" height=\"180\" src=\"https:\/\/diariodominicano.com\/wp-content\/uploads\/2021\/11\/colombia-GloriaNarvaez-secuestro18-11-21-1.jpg\" alt=\"\" class=\"wp-image-309097\" srcset=\"https:\/\/diariodominicano.com\/wp-content\/uploads\/2021\/11\/colombia-GloriaNarvaez-secuestro18-11-21-1.jpg 360w, https:\/\/diariodominicano.com\/wp-content\/uploads\/2021\/11\/colombia-GloriaNarvaez-secuestro18-11-21-1-300x150.jpg 300w\" sizes=\"auto, (max-width: 360px) 100vw, 360px\" \/><\/figure><\/div>\n\n\n\n<p>\u201cYo viv\u00ed esta experiencia de fe confiando en Dios\u201d, indic\u00f3.&nbsp;&nbsp;&nbsp;<\/p>\n\n\n\n<p>La religiosa remarc\u00f3 que durante su cautiverio fue consciente de las acciones de sus captores, que destru\u00edan pueblos, tomaban cautivos y a algunos los asesinaban y se\u00f1al\u00f3 que \u201cped\u00eda a Dios que les diera la fe que yo ten\u00eda y como San Francisco de As\u00eds, me repet\u00eda, si te azotan, bend\u00edcelos\u201d.<\/p>\n\n\n\n<p>En su declaraci\u00f3n a medios internacionales, la hermana Narv\u00e1ez afirm\u00f3 que es \u201cla fe la que nos mantiene siempre con la esperanza\u201d y resalt\u00f3 que durante ese tiempo de secuestro \u201cpensaba en todos los sufrimientos que pasa la gente cuando est\u00e1 secuestrada aqu\u00ed en Colombia, en el mundo entero, all\u00e1 en Mali\u201d.<\/p>\n\n\n\n<p>\u201cCu\u00e1ntas personas todav\u00eda han quedado y me parec\u00eda un dolor muy lamentable, c\u00f3mo hablarles a estos grupos para que se llenen de paz y puedan liberar a esta gente, pero era imposible casi\u201d, resalt\u00f3.<\/p>\n\n\n\n<p>La hermana Narv\u00e1ez fue secuestrada el 7 de febrero de 2017 en Karangasso, en el c\u00edrculo de Koutiala, en la frontera entre Mal\u00ed y Burkina Faso, por hombres armados del Frente de Apoyo para el Islam y los Musulmanes (SGIM), una rama de Al Qaeda con sede en Mali.<\/p>\n\n\n\n<p>La obligaron a entregar las llaves de la ambulancia de la comunidad donde viv\u00eda. Despu\u00e9s, el veh\u00edculo fue encontrado abandonado. Otras tres hermanas estaban en la casa, pero lograron escapar.<\/p>\n\n\n\n<p>Los secuestradores iban a llevarse a la monja m\u00e1s joven, pero la hermana Gloria se ofreci\u00f3 como voluntaria para ocupar su lugar.<\/p>\n\n\n\n<p>La monja colombiana hab\u00eda servido en Mal\u00ed durante 12 a\u00f1os antes de su secuestro.<\/p>\n\n\n\n<p>Su comunidad administra un gran centro de salud en el pa\u00eds, as\u00ed como un hogar para unos 30 hu\u00e9rfanos.<\/p>\n\n\n\n<p>La religiosa fue liberada el 9 de octubre y el Papa Francisco la salud\u00f3 en el Vaticano al d\u00eda siguiente. El Santo Padre la bendijo antes de presidir una Misa en la Bas\u00edlica de San Pedro.<\/p>\n\n\n\n<p>Mal\u00ed est\u00e1 bajo el liderazgo de Assimi Go\u00efta, quien lider\u00f3 dos golpes de estado en un lapso de nueve meses, primero derrocando al presidente electo democr\u00e1ticamente, Ibrahim Boubacar Ke\u00efta, en agosto de 2020 y, en mayo de este a\u00f1o, a los l\u00edderes interinos que iban a liderar la transici\u00f3n del gobierno.<\/p>\n\n\n\n<p>Tras el golpe del 24 de mayo, el tribunal constitucional de Mal\u00ed nombr\u00f3 a Go\u00efta como presidente de transici\u00f3n de Mal\u00ed hasta que haya nuevas elecciones.<\/p>\n\n\n\n<p>La medida atrajo cr\u00edticas y los l\u00edderes cat\u00f3licos del pa\u00eds la llamaron una \u201ctoma del poder fuera del proceso legal\u201d.<\/p>\n\n\n\n<p>Mal\u00ed est\u00e1 luchando contra una insurgencia islamista que comenz\u00f3 en el norte en 2012 y se ha extendido a Burkina Faso y N\u00edger, con un aumento de los secuestros.<\/p>\n\n\n\n<p>La agencia vaticana Fides inform\u00f3 en septiembre de 2020 que la madre de la hermana Gloria Cecilia muri\u00f3 a los 87 a\u00f1os, mientras esperaba la liberaci\u00f3n de su hija.<\/p>\n","protected":false},"excerpt":{"rendered":"<p>POR\u00a0HARUMI SUZUKI\u00a0| ACI Prensa Vaticano, 18 de noviembre, 2021.- La religiosa colombiana Gloria Cecilia Narv\u00e1ez, que estuvo secuestrada en Mal\u00ed durante 4 a\u00f1os y 8 meses por terroristas musulmanes, regres\u00f3 este martes 16 de noviembre a su pa\u00eds natal. A su llegada al Aeropuerto El Dorado en Bogot\u00e1, la hermana Narv\u00e1ez fue recibida con gran [&hellip;]<\/p>\n","protected":false},"author":5,"featured_media":309094,"comment_status":"closed","ping_status":"","sticky":true,"template":"","format":"standard","meta":{"footnotes":""},"categories":[23,27],"tags":[],"class_list":["post-309059","post","type-post","status-publish","format-standard","has-post-thumbnail","hentry","category-internacional","category-portada"],"_links":{"self":[{"href":"https:\/\/diariodominicano.com\/index.php?rest_route=\/wp\/v2\/posts\/309059","targetHints":{"allow":["GET"]}}],"collection":[{"href":"https:\/\/diariodominicano.com\/index.php?rest_route=\/wp\/v2\/posts"}],"about":[{"href":"https:\/\/diariodominicano.com\/index.php?rest_route=\/wp\/v2\/types\/post"}],"author":[{"embeddable":true,"href":"https:\/\/diariodominicano.com\/index.php?rest_route=\/wp\/v2\/users\/5"}],"replies":[{"embeddable":true,"href":"https:\/\/diariodominicano.com\/index.php?rest_route=%2Fwp%2Fv2%2Fcomments&post=309059"}],"version-history":[{"count":1,"href":"https:\/\/diariodominicano.com\/index.php?rest_route=\/wp\/v2\/posts\/309059\/revisions"}],"predecessor-version":[{"id":309100,"href":"https:\/\/diariodominicano.com\/index.php?rest_route=\/wp\/v2\/posts\/309059\/revisions\/309100"}],"wp:featuredmedia":[{"embeddable":true,"href":"https:\/\/diariodominicano.com\/index.php?rest_route=\/wp\/v2\/media\/309094"}],"wp:attachment":[{"href":"https:\/\/diariodominicano.com\/index.php?rest_route=%2Fwp%2Fv2%2Fmedia&parent=309059"}],"wp:term":[{"taxonomy":"category","embeddable":true,"href":"https:\/\/diariodominicano.com\/index.php?rest_route=%2Fwp%2Fv2%2Fcategories&post=309059"},{"taxonomy":"post_tag","embeddable":true,"href":"https:\/\/diariodominicano.com\/index.php?rest_route=%2Fwp%2Fv2%2Ftags&post=309059"}],"curies":[{"name":"wp","href":"https:\/\/api.w.org\/{rel}","templated":true}]}}