{"id":309039,"date":"2021-11-18T11:02:51","date_gmt":"2021-11-18T15:02:51","guid":{"rendered":"http:\/\/diariodominicano.com\/?p=309039"},"modified":"2021-11-18T11:02:51","modified_gmt":"2021-11-18T15:02:51","slug":"abinader-condecora-al-padre-jose-luis-saez","status":"publish","type":"post","link":"https:\/\/diariodominicano.com\/?p=309039","title":{"rendered":"Abinader condecora al padre Jos\u00e9 Luis S\u00e1ez"},"content":{"rendered":"\n<p>diariodominicano.com<\/p>\n\n\n\n<p>Santo\u00a0Domingo, R. D.,  18 de noviembre, 2021.-\u00a0El presidente Luis\u00a0Abinader\u00a0se reuni\u00f3 durante un acto en el Palacio Nacional con intelectuales del pa\u00eds y condecor\u00f3 al padre Jos\u00e9 Luis S\u00e1ez con la Orden Her\u00e1ldica de Crist\u00f3bal Col\u00f3n en el Grado de Comendador,\u00a0mediante el decreto 734-21.<\/p>\n\n\n\n<p>Asimismo, el jefe de Estado present\u00f3 una propuesta para crear el proyecto Biblioteca Dominicana, que busca retomar el fomento de la lectura especialmente en j\u00f3venes estudiantes, y convertirlo en prioridad nacional,&nbsp;incluido como&nbsp;parte indispensable delp\u00e9nsum escolar. &nbsp;<\/p>\n\n\n\n<p>\u201cUstedes, mis queridos escritores e&nbsp;intelectuales,&nbsp;son los guardianes de la conciencia nacional; en ustedes esta la noble tarea de plasmar en sus obras el retrato de nuestro pueblo y la historia contempor\u00e1nea de nuestra naci\u00f3n\u201d, consider\u00f3 el primer mandatario.<\/p>\n\n\n\n<p>Durante el acto, el mandatario consider\u00f3 que esta Biblioteca Dominicana ser\u00eda un espacio digital, donde todos los escritores dominicanos, consagrados y noveles, puedan tener sus obras al alcance del p\u00fablico.<\/p>\n\n\n\n<p>\u201cCon esto se quiere conectar la realidad escolar con la realidad social y cultural del entorno, desarrollando una labor importante de proyecci\u00f3n cultural y compensaci\u00f3n social\u201d, explic\u00f3 el mandatario.&nbsp;<\/p>\n\n\n\n<p>Revel\u00f3&nbsp;que el proyecto surge a ra\u00edz de los resultados del Bolet\u00edn de Competitividad Sectorial de 2021, publicado por el Ministerio de Econom\u00eda, Planificaci\u00f3n y Desarrollo, que revela que el 64% de la poblaci\u00f3n de 10 a\u00f1os no pod\u00eda leer ni entender un texto simple.<\/p>\n\n\n\n<p>Este proyecto incluir\u00eda la revitalizaci\u00f3n de una red de bibliotecas en cada regi\u00f3n del pa\u00eds&nbsp;que brinde&nbsp;m\u00faltiples recursos informativos y literarios, adem\u00e1s de vincular&nbsp;los accesos que nos permiten los programas de tecnolog\u00edas de la informaci\u00f3n y la comunicaci\u00f3n.<\/p>\n\n\n\n<p>En este plan se lleva aproximadamente dos meses trabajando junto al gabinete de Educaci\u00f3n y tambi\u00e9n han participado otros programas como EDUCA e Inicia.<\/p>\n\n\n\n<p><strong>Condecoraci\u00f3n<\/strong><\/p>\n\n\n\n<p>El padre Jos\u00e9 Luis S\u00e1ez naci\u00f3 en Valencia,&nbsp;Espa\u00f1a, el 21 de septiembre de 1937 y vivi\u00f3 en Madrid hasta&nbsp;1954 cuando se mud\u00f3 a Santo Domingo, donde&nbsp;reinici\u00f3 los estudios&nbsp;para obtener el&nbsp;bachillerato en estudios comerciales en 1956. Ingres\u00f3 entonces en&nbsp;la reci\u00e9n abierta Facultad de Econom\u00eda y Finanzas de la Universidad de Santo Domingo.<\/p>\n\n\n\n<p>El 30 de mayo de 1967 obtuvo la nacionalidad dominicana ordinaria&nbsp;y fue&nbsp;ordenado en el pa\u00eds&nbsp;como&nbsp;sacerdote de la compa\u00f1\u00eda de Jes\u00fas en el 1970. Durante casi 15 a\u00f1os fue profesor de historia de la cultura en el seminario Santo Thomas de Aquino.<\/p>\n\n\n\n<p>Durante la actividad, estuvieron presentes,&nbsp;Antoliano&nbsp;Peralta,&nbsp;consultor&nbsp;jur\u00eddico del Poder Ejecutivo; la ministra de Cultura, Milagros Germ\u00e1n,&nbsp;y Miguel Reyes S\u00e1nchez, embajador y escritor.&nbsp;<\/p>\n\n\n\n<p>Del mismo modo, los intelectuales Miguel Reyes S\u00e1nchez, Jos\u00e9 del Castillo, Manuel Garc\u00eda Ar\u00e9valo, Mateo Morrison, Plinio&nbsp;Chah\u00edn, Eugenio P\u00e9rez&nbsp;Mont\u00e1s, Roberto&nbsp;Cass\u00e1, Santiago Castro Ventura, Carlos And\u00fajar&nbsp;Persinal, Herbert Stern,&nbsp;Ilonka&nbsp;NaciditPerdomo y Jos\u00e9 Enrique&nbsp;Delmonte.<\/p>\n\n\n\n<p>Igualmente, Raymundo Gonz\u00e1lez,\u00a0Sheilly\u00a0N\u00fa\u00f1ez,\u00a0Welner\u00a0F\u00e9liz, Alberto\u00a0Despradel, Juan Daniel Balc\u00e1cer, Fernando P\u00e9rez\u00a0Mem\u00e9n, Ram\u00f3n Saba, Luis\u00a0Scheker\u00a0Ortiz, Basilio\u00a0Belliard,\u00a0Leiby\u00a0Ng,\u00a0Marivell\u00a0Contreras, Luc\u00eda Amelia Cabral, Rafael Peralta Romero, Fabio Herrera Roa, Johan Bueno Polanco y el\u00a0padre William Rodr\u00edguez.<\/p>\n\n\n\n<p>Fuente: Direcci\u00f3n de Estrategia y Comunicaci\u00f3n Gubernamental<\/p>\n\n\n\n<p>Ministerio Administrativo de la Presidencia de la Rep\u00fablica Dominicana<\/p>\n","protected":false},"excerpt":{"rendered":"<p>diariodominicano.com Santo\u00a0Domingo, R. D., 18 de noviembre, 2021.-\u00a0El presidente Luis\u00a0Abinader\u00a0se reuni\u00f3 durante un acto en el Palacio Nacional con intelectuales del pa\u00eds y condecor\u00f3 al padre Jos\u00e9 Luis S\u00e1ez con la Orden Her\u00e1ldica de Crist\u00f3bal Col\u00f3n en el Grado de Comendador,\u00a0mediante el decreto 734-21. Asimismo, el jefe de Estado present\u00f3 una propuesta para crear el [&hellip;]<\/p>\n","protected":false},"author":5,"featured_media":309040,"comment_status":"closed","ping_status":"","sticky":true,"template":"","format":"standard","meta":{"footnotes":""},"categories":[20,27],"tags":[],"class_list":["post-309039","post","type-post","status-publish","format-standard","has-post-thumbnail","hentry","category-dominicana-hoy","category-portada"],"_links":{"self":[{"href":"https:\/\/diariodominicano.com\/index.php?rest_route=\/wp\/v2\/posts\/309039","targetHints":{"allow":["GET"]}}],"collection":[{"href":"https:\/\/diariodominicano.com\/index.php?rest_route=\/wp\/v2\/posts"}],"about":[{"href":"https:\/\/diariodominicano.com\/index.php?rest_route=\/wp\/v2\/types\/post"}],"author":[{"embeddable":true,"href":"https:\/\/diariodominicano.com\/index.php?rest_route=\/wp\/v2\/users\/5"}],"replies":[{"embeddable":true,"href":"https:\/\/diariodominicano.com\/index.php?rest_route=%2Fwp%2Fv2%2Fcomments&post=309039"}],"version-history":[{"count":1,"href":"https:\/\/diariodominicano.com\/index.php?rest_route=\/wp\/v2\/posts\/309039\/revisions"}],"predecessor-version":[{"id":309041,"href":"https:\/\/diariodominicano.com\/index.php?rest_route=\/wp\/v2\/posts\/309039\/revisions\/309041"}],"wp:featuredmedia":[{"embeddable":true,"href":"https:\/\/diariodominicano.com\/index.php?rest_route=\/wp\/v2\/media\/309040"}],"wp:attachment":[{"href":"https:\/\/diariodominicano.com\/index.php?rest_route=%2Fwp%2Fv2%2Fmedia&parent=309039"}],"wp:term":[{"taxonomy":"category","embeddable":true,"href":"https:\/\/diariodominicano.com\/index.php?rest_route=%2Fwp%2Fv2%2Fcategories&post=309039"},{"taxonomy":"post_tag","embeddable":true,"href":"https:\/\/diariodominicano.com\/index.php?rest_route=%2Fwp%2Fv2%2Ftags&post=309039"}],"curies":[{"name":"wp","href":"https:\/\/api.w.org\/{rel}","templated":true}]}}