{"id":309004,"date":"2021-11-18T01:07:25","date_gmt":"2021-11-18T05:07:25","guid":{"rendered":"http:\/\/diariodominicano.com\/?p=309004"},"modified":"2021-11-18T01:07:25","modified_gmt":"2021-11-18T05:07:25","slug":"exhorta-ponerse-tercera-vacuna-contra-covid-19-y-de-la-influenza","status":"publish","type":"post","link":"https:\/\/diariodominicano.com\/?p=309004","title":{"rendered":"Exhorta ponerse tercera vacuna contra Covid-19 y de la influenza"},"content":{"rendered":"\n<p><strong>Por Ram\u00f3n Mercedes<\/strong><\/p>\n\n\n\n<p><strong>NUEVA YORK.-<\/strong>&nbsp;El m\u00e9dico dominicano en esta ciudad, Rafael Lantigua, exhorta a las personas ponerse la tercera vacuna de refuerzo contra el Covid-19, adem\u00e1s inocularse contra la influenza, debido a que ambas enfermedades est\u00e1n aumentando en el \u00e1rea triestatal.<\/p>\n\n\n\n<p>Lantigua, precis\u00f3 que solo califican para la inyecci\u00f3n de refuerzo los que ya tienen las dos dosis de Pfizer, Moderna y Johnson &amp; Johnson, y para los que tienen 17 a\u00f1os en adelante.<\/p>\n\n\n\n<p>Siguiendo la recomendaci\u00f3n de los Centros para el Control y la Prevenci\u00f3n de Enfermedades (CDC), se autoriz\u00f3 aplicar principalmente a las personas vulnerables por tener sistemas inmunol\u00f3gicos deficientes y otras enfermedades.<\/p>\n\n\n\n<p>Entre ellas, los residentes en hogares de atenci\u00f3n a largo plazo. Asimismo, los de entre 50 y 64 a\u00f1os con afecciones m\u00e9dicas subyacentes, y los de entre18 y 49 a\u00f1os con afecciones m\u00e9dicas subyacentes, seg\u00fan sus beneficios y riesgos individuales.<\/p>\n\n\n\n<p>Una dosis de refuerzo ayudar\u00e1 especialmente a las personas en riesgo a permanecer protegidas del virus por m\u00e1s tiempo\u201d, sostuvo el reputado m\u00e9dico.<\/p>\n\n\n\n<p>Indic\u00f3 que, de acuerdo a las estad\u00edsticas, desde el inicio de la pandemia en el estado de NY han fallecidos m\u00e1s de 56 mil personas; m\u00e1s de 2 millones 633 se han contagiados; y 14 millones 814 mil se han vacunado.<\/p>\n\n\n\n<p>De esa cantidad, en la Gran Manzana han fallecidos 34,703; 1 mill\u00f3n 112 se han contagiados; y 6 millones 216 mil se han vacunado.<\/p>\n\n\n\n<p>Para hacer una cita en uno de estos lugares administrado por el estado, los neoyorquinos pueden llamar al 1-833-NYS-4-VAX, o visitar la p\u00e1gina&nbsp;<a href=\"https:\/\/am-i-eligible.covid19vaccine.health.ny.gov\/\" rel=\"noreferrer noopener\" target=\"_blank\">https:\/\/am-i-eligible.covid19vaccine.health.ny.gov\/<\/a>, sostuvo.<\/p>\n\n\n\n<p>En cuanto a la gripe o influenza, dijo que es m\u00e1s com\u00fan durante los meses de oto\u00f1o e invierno, y se recomienda una vacuna anual para casi todas las personas de seis meses o mayores.<\/p>\n\n\n\n<p>La influenza puede propagarse r\u00e1pidamente de una persona a otra, causar una enfermedad de moderada a grave y, a veces, puede resultar mortal, dice el galeno.<\/p>\n\n\n\n<p>Los s\u00edntomas pueden comenzar de repente, aparecer de uno a cuatro d\u00edas despu\u00e9s de que una persona estuvo expuesta a la gripe, y los s\u00edntomas son similares a los del Covid-19: Fiebre o sentirse afiebrado, tos, dolores musculares, de garganta o cabeza, fatiga, y congesti\u00f3n nasal, entre otros.<\/p>\n\n\n\n<p>Los CDC indican que es seguro vacunarse contra la gripe y el Covid-19 al mismo tiempo, sin importar si es la primera vacuna contra el coronavirus o, en el caso de quienes sean elegibles, la tercera dosis o una dosis de refuerzo, puntualiz\u00f3 <\/p>\n","protected":false},"excerpt":{"rendered":"<p>Por Ram\u00f3n Mercedes NUEVA YORK.-&nbsp;El m\u00e9dico dominicano en esta ciudad, Rafael Lantigua, exhorta a las personas ponerse la tercera vacuna de refuerzo contra el Covid-19, adem\u00e1s inocularse contra la influenza, debido a que ambas enfermedades est\u00e1n aumentando en el \u00e1rea triestatal. Lantigua, precis\u00f3 que solo califican para la inyecci\u00f3n de refuerzo los que ya tienen [&hellip;]<\/p>\n","protected":false},"author":7,"featured_media":309011,"comment_status":"closed","ping_status":"","sticky":true,"template":"","format":"standard","meta":{"footnotes":""},"categories":[23,27],"tags":[],"class_list":["post-309004","post","type-post","status-publish","format-standard","has-post-thumbnail","hentry","category-internacional","category-portada"],"_links":{"self":[{"href":"https:\/\/diariodominicano.com\/index.php?rest_route=\/wp\/v2\/posts\/309004","targetHints":{"allow":["GET"]}}],"collection":[{"href":"https:\/\/diariodominicano.com\/index.php?rest_route=\/wp\/v2\/posts"}],"about":[{"href":"https:\/\/diariodominicano.com\/index.php?rest_route=\/wp\/v2\/types\/post"}],"author":[{"embeddable":true,"href":"https:\/\/diariodominicano.com\/index.php?rest_route=\/wp\/v2\/users\/7"}],"replies":[{"embeddable":true,"href":"https:\/\/diariodominicano.com\/index.php?rest_route=%2Fwp%2Fv2%2Fcomments&post=309004"}],"version-history":[{"count":1,"href":"https:\/\/diariodominicano.com\/index.php?rest_route=\/wp\/v2\/posts\/309004\/revisions"}],"predecessor-version":[{"id":309012,"href":"https:\/\/diariodominicano.com\/index.php?rest_route=\/wp\/v2\/posts\/309004\/revisions\/309012"}],"wp:featuredmedia":[{"embeddable":true,"href":"https:\/\/diariodominicano.com\/index.php?rest_route=\/wp\/v2\/media\/309011"}],"wp:attachment":[{"href":"https:\/\/diariodominicano.com\/index.php?rest_route=%2Fwp%2Fv2%2Fmedia&parent=309004"}],"wp:term":[{"taxonomy":"category","embeddable":true,"href":"https:\/\/diariodominicano.com\/index.php?rest_route=%2Fwp%2Fv2%2Fcategories&post=309004"},{"taxonomy":"post_tag","embeddable":true,"href":"https:\/\/diariodominicano.com\/index.php?rest_route=%2Fwp%2Fv2%2Ftags&post=309004"}],"curies":[{"name":"wp","href":"https:\/\/api.w.org\/{rel}","templated":true}]}}