{"id":308983,"date":"2021-11-17T22:24:53","date_gmt":"2021-11-18T02:24:53","guid":{"rendered":"https:\/\/diariodominicano.com\/?p=308983"},"modified":"2021-11-17T22:25:14","modified_gmt":"2021-11-18T02:25:14","slug":"rechazan-en-brasil-agravio-racista-a-futbolista-del-corinthians","status":"publish","type":"post","link":"https:\/\/diariodominicano.com\/?p=308983","title":{"rendered":"Rechazan en Brasil agravio racista a futbolista del Corinthians"},"content":{"rendered":"\n<p><strong>Brasilia, 17 nov  Prensa Latina<\/strong>,  La Confederaci\u00f3n Brasile\u00f1a de F\u00fatbol (CBF) rechaz\u00f3 hoy el caso de racismo sufrido por la delantera Adriana durante el partido entre Corinthians y Nacional de Uruguay, en la semifinal femenina de la Copa Libertadores.<\/p>\n\n\n\n<p><\/p>\n\n\n\n<ul class=\"wp-block-list\"><li>noviembre 17, 2021<\/li><li>CST20:14 (GMT) -0500<\/li><\/ul>\n\n\n\n<p>\u00abEs inaceptable que escenas como \u00e9sta sigan siendo una realidad en nuestra sociedad. Vamos, Adriana\u00bb, escribi\u00f3 la CBF en la red social Twitter.<\/p>\n\n\n\n<p><\/p>\n\n\n\n<p>Anoche, el club Corinthians apabull\u00f3 8-0 al Nacional y gan\u00f3 un lugar en la final de la Libertadores. La fiesta, sin embargo, no se produjo y el cotejo estuvo marcado por un episodio de racismo cometido por alguna atleta, a\u00fan no identificada, del equipo uruguayo al llamar a Adriana de macaca (mona).<\/p>\n\n\n\n<p>En un comunicado, el Sport Club Corinthians Paulista asegura que \u00abtom\u00f3 conocimiento de la denuncia de las atletas de f\u00fatbol femenino sobre el abuso racial ocurrido en la semifinal de la Copa Libertadores, que repudia vehementemente\u00bb y prometi\u00f3 apoyo legal para investigar la denuncia.<\/p>\n\n\n\n<p>Tal acto racista contra Adriana, se\u00f1alado por el Corinthians, ocurri\u00f3 despu\u00e9s que ella marcara de penalti el sexto gol de la victoria alvinegra.<\/p>\n\n\n\n<p>Y justo despu\u00e9s de que Grazi cerrara el marcador con el octavo gol del Corinthians, lo celebr\u00f3 con el pu\u00f1o cerrado, en se\u00f1al de protesta, acompa\u00f1ado por el resto de la plantilla en una manifestaci\u00f3n antirracista.<\/p>\n\n\n\n<p>La CBF y otras selecciones femeninas lamentaron el episodio y ofrecieron su apoyo a Adriana.<\/p>\n\n\n\n<p>Despu\u00e9s de la paliza al Nacional, el club brasile\u00f1o desafiar\u00e1 el 21 de noviembre en la final femenina de la Libertadores al Independiente Santa Fe colombiano, en el estadio Gran Parque Central de Montevideo.<\/p>\n\n\n\n<p>jha\/ocs<\/p>\n\n\n\n<p><\/p>\n","protected":false},"excerpt":{"rendered":"<p>Brasilia, 17 nov Prensa Latina, La Confederaci\u00f3n Brasile\u00f1a de F\u00fatbol (CBF) rechaz\u00f3 hoy el caso de racismo sufrido por la delantera Adriana durante el partido entre Corinthians y Nacional de Uruguay, en la semifinal femenina de la Copa Libertadores. noviembre 17, 2021 CST20:14 (GMT) -0500 \u00abEs inaceptable que escenas como \u00e9sta sigan siendo una realidad [&hellip;]<\/p>\n","protected":false},"author":28,"featured_media":0,"comment_status":"closed","ping_status":"","sticky":false,"template":"","format":"standard","meta":{"footnotes":""},"categories":[17],"tags":[],"class_list":["post-308983","post","type-post","status-publish","format-standard","hentry","category-deportes"],"_links":{"self":[{"href":"https:\/\/diariodominicano.com\/index.php?rest_route=\/wp\/v2\/posts\/308983","targetHints":{"allow":["GET"]}}],"collection":[{"href":"https:\/\/diariodominicano.com\/index.php?rest_route=\/wp\/v2\/posts"}],"about":[{"href":"https:\/\/diariodominicano.com\/index.php?rest_route=\/wp\/v2\/types\/post"}],"author":[{"embeddable":true,"href":"https:\/\/diariodominicano.com\/index.php?rest_route=\/wp\/v2\/users\/28"}],"replies":[{"embeddable":true,"href":"https:\/\/diariodominicano.com\/index.php?rest_route=%2Fwp%2Fv2%2Fcomments&post=308983"}],"version-history":[{"count":3,"href":"https:\/\/diariodominicano.com\/index.php?rest_route=\/wp\/v2\/posts\/308983\/revisions"}],"predecessor-version":[{"id":308986,"href":"https:\/\/diariodominicano.com\/index.php?rest_route=\/wp\/v2\/posts\/308983\/revisions\/308986"}],"wp:attachment":[{"href":"https:\/\/diariodominicano.com\/index.php?rest_route=%2Fwp%2Fv2%2Fmedia&parent=308983"}],"wp:term":[{"taxonomy":"category","embeddable":true,"href":"https:\/\/diariodominicano.com\/index.php?rest_route=%2Fwp%2Fv2%2Fcategories&post=308983"},{"taxonomy":"post_tag","embeddable":true,"href":"https:\/\/diariodominicano.com\/index.php?rest_route=%2Fwp%2Fv2%2Ftags&post=308983"}],"curies":[{"name":"wp","href":"https:\/\/api.w.org\/{rel}","templated":true}]}}