{"id":308964,"date":"2021-11-17T21:57:11","date_gmt":"2021-11-18T01:57:11","guid":{"rendered":"http:\/\/diariodominicano.com\/?p=308964"},"modified":"2021-11-17T21:57:11","modified_gmt":"2021-11-18T01:57:11","slug":"estallido-social-y-pandemia-acrecientan-incertidumbre-en-sociedad-chilena-a-unos-dias-de-comicios","status":"publish","type":"post","link":"https:\/\/diariodominicano.com\/?p=308964","title":{"rendered":"Estallido social y pandemia acrecientan incertidumbre en sociedad chilena a unos d\u00edas de comicios"},"content":{"rendered":"\n<p>diariodominicano.com<a rel=\"noreferrer noopener\" href=\"https:\/\/www.xinhua-news.com\/gdsdetailxhs\/share\/10618470-?pageflag=iframe\" target=\"_blank\"><\/a><\/p>\n\n\n\n<pre id=\"text-news-description\" class=\"wp-block-preformatted\">   Por Crist\u00f3bal Ch\u00e1vez Bravo   \n   SANTIAGO, 17 nov (Xinhua) -- La sociedad chilena ha acrecentado su incertidumbre a dos a\u00f1os del estallido social y de la aparici\u00f3n de la enfermedad del nuevo coronavirus (COVID-19), que exacerb\u00f3 el descontento ciudadano, dos factores que pueden incidir en las elecciones presidenciales y legislativas del domingo pr\u00f3ximo.   \n   \"Hay una mezcla de sentimientos. Hemos pasado por dos a\u00f1os muy intensos con el estallido social y despu\u00e9s con la crisis sanitaria, lo cual ha significado muchas dificultades econ\u00f3micas, sociales\", explic\u00f3 a Xinhua la soci\u00f3loga y profesora asistente del Departamento de Sociolog\u00eda de la Universidad de Chile, Sof\u00eda Donoso.\n   La experta subray\u00f3 que en la poblaci\u00f3n chilena hay un clima de incertidumbre \"bien fuerte\",  que ser\u00e1 capitalizado en el debate de las elecciones.\n   \"Se ha instalado de manera bastante evidente una discusi\u00f3n p\u00fablica sobre la importancia del orden, la importancia de volver a tener alg\u00fan grado de estabilidad, tanto para la gente en su vida cotidiana como para la econom\u00eda\", abund\u00f3 la investigadora del Centro de Estudios de Conflicto y Cohesi\u00f3n Social.\n   El 18 de octubre de 2019, tras un llamado de los estudiantes de secundaria para desacatar un alza a los pasajes del metro de Santiago, estall\u00f3 una crisis social en el pa\u00eds en rechazo a la desigualdad, al encarecimiento de la vida y al modelo econ\u00f3mico neoliberal instalado durante el gobierno militar de Augusto Pinochet (1973-1990), cuando se impuso la Constituci\u00f3n de 1980.\n   Una de las salidas pol\u00edticas de la revuelta social fue la instauraci\u00f3n de la Convenci\u00f3n Constitucional, que lleva m\u00e1s de cuatro meses en funciones.\n   De acuerdo con un estudio difundido en septiembre pasado por la plataforma Contexto, que re\u00fane a varias organizaciones no gubernamentales en Chile, los m\u00e1s j\u00f3venes eval\u00faan mejor el \u00f3rgano que presentar\u00e1 una nueva Carta Magna, mientras que en los mayores hay una cierta \"desesperanza aprendida\" a ra\u00edz de los procesos de profundizaci\u00f3n democr\u00e1tica anteriores en el pa\u00eds, \"que no han llegado totalmente a puerto\".\n   \"Es parte de un proceso constituyente y vamos a tener que aceptar un poco que es as\u00ed\", dijo Donoso, quien sugiri\u00f3 \"tratar de ver lo positivo de la situaci\u00f3n\".\n   Por su parte, el soci\u00f3logo y acad\u00e9mico de la Facultad de Ciencias Jur\u00eddicas y Sociales de la Universidad de Talca, Paulo Hidalgo, coment\u00f3 a Xinhua que Chile transita hacia un nuevo ciclo pol\u00edtico, donde \"la vieja \u00e9lite pol\u00edtica o la dirigencia est\u00e1 pasando a un segundo plano y tienes en distintas fuerzas pol\u00edticas una nueva generaci\u00f3n pol\u00edtica\".\n   \"Hay dos componentes que est\u00e1n cargando la psicolog\u00eda de los chilenos: el tema de la transici\u00f3n y el cambio a nuevo ciclo pol\u00edtico de una Convenci\u00f3n Constitucional con elecci\u00f3n 'ad portas' (a las puertas), ahora el domingo, con cambio de C\u00e1mara de Diputados y con programas contrastantes de gobierno, y por otro lado saliendo, m\u00e1s o menos, de una pandemia que implic\u00f3 un encierro con todos los costos psicol\u00f3gicos\", reflexion\u00f3.\n   En el caso de la pandemia, que en Chile le ha costado la vida a 38.016 personas y 1.732.576 se han contagiado, el impacto de la salud mental \"ha sido brutal, en las depresiones, en las angustias, en el s\u00edndrome caba\u00f1a de no querer salir\", agreg\u00f3.\n   Chile celebrar\u00e1 el 21 de noviembre las elecciones presidenciales, de diputados, senadores y consejeros regionales m\u00e1s polarizadas desde el retorno a la democracia (1990), con poco m\u00e1s de 15 millones de chilenos habilitados para sufragar.<\/pre>\n","protected":false},"excerpt":{"rendered":"<p>diariodominicano.com Por Crist\u00f3bal Ch\u00e1vez Bravo SANTIAGO, 17 nov (Xinhua) &#8212; La sociedad chilena ha acrecentado su incertidumbre a dos a\u00f1os del estallido social y de la aparici\u00f3n de la enfermedad del nuevo coronavirus (COVID-19), que exacerb\u00f3 el descontento ciudadano, dos factores que pueden incidir en las elecciones presidenciales y legislativas del domingo pr\u00f3ximo. \u00abHay una [&hellip;]<\/p>\n","protected":false},"author":5,"featured_media":308969,"comment_status":"closed","ping_status":"","sticky":true,"template":"","format":"standard","meta":{"footnotes":""},"categories":[23,27],"tags":[],"class_list":["post-308964","post","type-post","status-publish","format-standard","has-post-thumbnail","hentry","category-internacional","category-portada"],"_links":{"self":[{"href":"https:\/\/diariodominicano.com\/index.php?rest_route=\/wp\/v2\/posts\/308964","targetHints":{"allow":["GET"]}}],"collection":[{"href":"https:\/\/diariodominicano.com\/index.php?rest_route=\/wp\/v2\/posts"}],"about":[{"href":"https:\/\/diariodominicano.com\/index.php?rest_route=\/wp\/v2\/types\/post"}],"author":[{"embeddable":true,"href":"https:\/\/diariodominicano.com\/index.php?rest_route=\/wp\/v2\/users\/5"}],"replies":[{"embeddable":true,"href":"https:\/\/diariodominicano.com\/index.php?rest_route=%2Fwp%2Fv2%2Fcomments&post=308964"}],"version-history":[{"count":1,"href":"https:\/\/diariodominicano.com\/index.php?rest_route=\/wp\/v2\/posts\/308964\/revisions"}],"predecessor-version":[{"id":308970,"href":"https:\/\/diariodominicano.com\/index.php?rest_route=\/wp\/v2\/posts\/308964\/revisions\/308970"}],"wp:featuredmedia":[{"embeddable":true,"href":"https:\/\/diariodominicano.com\/index.php?rest_route=\/wp\/v2\/media\/308969"}],"wp:attachment":[{"href":"https:\/\/diariodominicano.com\/index.php?rest_route=%2Fwp%2Fv2%2Fmedia&parent=308964"}],"wp:term":[{"taxonomy":"category","embeddable":true,"href":"https:\/\/diariodominicano.com\/index.php?rest_route=%2Fwp%2Fv2%2Fcategories&post=308964"},{"taxonomy":"post_tag","embeddable":true,"href":"https:\/\/diariodominicano.com\/index.php?rest_route=%2Fwp%2Fv2%2Ftags&post=308964"}],"curies":[{"name":"wp","href":"https:\/\/api.w.org\/{rel}","templated":true}]}}