{"id":308940,"date":"2021-11-17T21:09:18","date_gmt":"2021-11-18T01:09:18","guid":{"rendered":"https:\/\/diariodominicano.com\/?p=308940"},"modified":"2021-11-17T21:10:29","modified_gmt":"2021-11-18T01:10:29","slug":"fjt-somete-ante-el-tsa-recurso-contencioso-y-medida-cautelar-en-contra-del-aumento-ilegal-de-la-tarifa-electrica","status":"publish","type":"post","link":"https:\/\/diariodominicano.com\/?p=308940","title":{"rendered":"FJT somete ante el TSA recurso contencioso y medida cautelar \u00aben contra del aumento ilegal de la tarifa el\u00e9ctrica\u00bb"},"content":{"rendered":"\n<p><strong>Santo Domingo, Rep. Dom., 17 de noviembre del 2021.-<\/strong>&nbsp;La Fundaci\u00f3n Justicia y Transparencia (FJT),&nbsp;por s\u00e9ptima vez acude a los tribunales de la rep\u00fablica, en inter\u00e9s de restaurar la institucionalidad, transgredida y pisoteada con el tema el\u00e9ctrico, hoy el pa\u00eds pegando el grito al cielo, con el descomunal e ilegal aumento de la tarifa el\u00e9ctrica, y lo peor a\u00fan, afectando a los sectores m\u00e1s despose\u00eddos, a los hijos de machepa, abandonados a su suerte.<\/p>\n\n\n\n<p>En esta oportunidad la entidad c\u00edvica, someti\u00f3 por ante el Tribunal Superior Administrativo (TSA), un recurso contencioso administrativo y&nbsp;una medida cautelar, para procurar la nulidad de las resoluciones dictada por la Superintendencia de Electricidad, las cuales buscan de forma sostenida, el ir indiscriminadamente aumentando, cada tres meses la factura el\u00e9ctrica, hasta el 2026.<\/p>\n\n\n\n<p>Henry Adames, director ejecutivo de la FJT y abogado actuante, inform\u00f3 que el recurso contencioso, busca hacer cesar la perturbaci\u00f3n manifiesta del derecho fundamental de los dominicanos, a recibir de manera eficiente y asequible servicios p\u00fablicos de calidad, se ve diezmado y limitado, y reiteramos todo ello con el aumento abusivo e ilegal de la tarifa el\u00e9ctrica.<\/p>\n\n\n\n<p>Adames explic\u00f3 que las pretensiones de la fundaci\u00f3n se fundamentan en que la superintendencia de electricidad perjudicando severamente a la poblaci\u00f3n m\u00e1s vulnerable, ha incurrido en el yerro y la ilegalidad, de empezar a aplicar un reajuste tarifario sin cumplir con ninguno de los requisitos exigidos por la ley 200-04, de acceso a la informaci\u00f3n, la ley 107-13 sobre los derechos de los ciudadanos frente a la administraci\u00f3n,&nbsp;&nbsp;y sobre todo la ley general de electricidad 125-01, cuyas normativas exigen para los aumentos tarifarios que las mismas tengan que agotar espacios de consulta popular, audiencias p\u00fablicas, opiniones de las empresas el\u00e9ctricas y agentes del sector el\u00e9ctrico y participaci\u00f3n ciudadana.<\/p>\n\n\n\n<p>De mayor preocupaci\u00f3n a\u00fan, es que se estar\u00eda aplicando un aumento de tarifa que no puede ser impuesto a la ciudadan\u00eda, por no cumplir con el voto de la ley, que exige que para poder ser aplicada debe publicarse en un diario de circulaci\u00f3n nacional 30 d\u00edas antes, conforme lo prev\u00e9 el art. 114 de la ley, de lo cual hasta el momento no hemos encontrado evidencia alguna de su publicaci\u00f3n en alg\u00fan diario de circulaci\u00f3n nacional.<\/p>\n\n\n\n<p>Finalmente, los abogados y representantes de la FJT, Trajano Potentini, Henry Adames y Cesar Noboa, aseguraron que continuaran librando la batalla para restaurar la institucionalidad transgredida, evidenciada en los multiplex casos que sobre el tema el\u00e9ctrico hemos tenido que judicializar, anunciando que para el pr\u00f3ximo lunes el tribunal constitucional tambi\u00e9n conocer\u00e1 en audiencia p\u00fablica el ilegal fideicomiso que da por 30 a\u00f1os en administraci\u00f3n a 5 personas del sector privado a Punta Catalina.<\/p>\n\n\n\n<p>\u00a0\u00a0\u00a0\u00a0\u00a0\u00a0\u00a0\u00a0\u00a0\u00a0\u00a0\u00a0\u00a0\u00a0\u00a0\u00a0\u00a0\u00a0\u00a0\u00a0\u00a0\u00a0\u00a0\u00a0\u00a0\u00a0\u00a0\u00a0\u00a0\u00a0\u00a0\u00a0\u00a0\u00a0\u00a0<strong>DIRECCI\u00d3N DE COMUNICACIONES<\/strong><br>&#8212;<br>FUNDACI\u00d3N JUSTICIA Y TRANSPARENCIA.<\/p>\n\n\n\n<p>Diariodominicano.com El medio de comunicaci\u00f3n<\/p>\n\n\n\n<p><\/p>\n","protected":false},"excerpt":{"rendered":"<p>Santo Domingo, Rep. Dom., 17 de noviembre del 2021.-&nbsp;La Fundaci\u00f3n Justicia y Transparencia (FJT),&nbsp;por s\u00e9ptima vez acude a los tribunales de la rep\u00fablica, en inter\u00e9s de restaurar la institucionalidad, transgredida y pisoteada con el tema el\u00e9ctrico, hoy el pa\u00eds pegando el grito al cielo, con el descomunal e ilegal aumento de la tarifa el\u00e9ctrica, y [&hellip;]<\/p>\n","protected":false},"author":28,"featured_media":308941,"comment_status":"closed","ping_status":"","sticky":true,"template":"","format":"standard","meta":{"footnotes":""},"categories":[24,27],"tags":[],"class_list":["post-308940","post","type-post","status-publish","format-standard","has-post-thumbnail","hentry","category-justicia-y-derecho","category-portada"],"_links":{"self":[{"href":"https:\/\/diariodominicano.com\/index.php?rest_route=\/wp\/v2\/posts\/308940","targetHints":{"allow":["GET"]}}],"collection":[{"href":"https:\/\/diariodominicano.com\/index.php?rest_route=\/wp\/v2\/posts"}],"about":[{"href":"https:\/\/diariodominicano.com\/index.php?rest_route=\/wp\/v2\/types\/post"}],"author":[{"embeddable":true,"href":"https:\/\/diariodominicano.com\/index.php?rest_route=\/wp\/v2\/users\/28"}],"replies":[{"embeddable":true,"href":"https:\/\/diariodominicano.com\/index.php?rest_route=%2Fwp%2Fv2%2Fcomments&post=308940"}],"version-history":[{"count":3,"href":"https:\/\/diariodominicano.com\/index.php?rest_route=\/wp\/v2\/posts\/308940\/revisions"}],"predecessor-version":[{"id":308944,"href":"https:\/\/diariodominicano.com\/index.php?rest_route=\/wp\/v2\/posts\/308940\/revisions\/308944"}],"wp:featuredmedia":[{"embeddable":true,"href":"https:\/\/diariodominicano.com\/index.php?rest_route=\/wp\/v2\/media\/308941"}],"wp:attachment":[{"href":"https:\/\/diariodominicano.com\/index.php?rest_route=%2Fwp%2Fv2%2Fmedia&parent=308940"}],"wp:term":[{"taxonomy":"category","embeddable":true,"href":"https:\/\/diariodominicano.com\/index.php?rest_route=%2Fwp%2Fv2%2Fcategories&post=308940"},{"taxonomy":"post_tag","embeddable":true,"href":"https:\/\/diariodominicano.com\/index.php?rest_route=%2Fwp%2Fv2%2Ftags&post=308940"}],"curies":[{"name":"wp","href":"https:\/\/api.w.org\/{rel}","templated":true}]}}