{"id":308930,"date":"2021-11-17T21:01:13","date_gmt":"2021-11-18T01:01:13","guid":{"rendered":"https:\/\/diariodominicano.com\/?p=308930"},"modified":"2021-11-17T21:01:13","modified_gmt":"2021-11-18T01:01:13","slug":"pld-en-san-jose-de-ocoa-expresa-condolencias-a-los-familiares-del-municipe-juan-sajiun-quien-fallecio-la-tarde-de-este-miercoles","status":"publish","type":"post","link":"https:\/\/diariodominicano.com\/?p=308930","title":{"rendered":"PLD en San Jos\u00e9 de Ocoa expresa condolencias a los familiares del mun\u00edcipe Juan Saji\u00fan, quien falleci\u00f3 la tarde de este mi\u00e9rcoles"},"content":{"rendered":"\n<p><strong>Santo Domingo, RD.- El<\/strong> Partido de la Liberaci\u00f3n Dominicana (PLD)\u00a0\u00a0manifest\u00f3 su pesar por la noticia\u00a0\u00a0del fallecimiento del  ciudadano de San Jos\u00e9 de Ocoa, Juan Saji\u00fan, quien muri\u00f3 la tarde de este mi\u00e9rcoles en un centro cl\u00ednico de la ciudad de Santo Domingo.<\/p>\n\n\n\n<p>En un mensaje el Comit\u00e9 Provincial del PLD en San Jos\u00e9\u00a0\u00a0Ocoa, firmado por su Presidente, Ram\u00f3n Mord\u00e1n,\u00a0\u00a0env\u00eda sus condolencias a los  familiares del se\u00f1or Juan Saji\u00fan,\u00a0\u00a0lamentando la noticia\u00a0\u00a0<\/p>\n\n\n\n<p>Mord\u00e1n define al fenecido Juan Saji\u00fan&nbsp;&nbsp;como un incansable&nbsp;&nbsp;trabajador por su pueblo, un aliado incondicional en los \u00faltimos procesos electorales del Partido de la Liberaci\u00f3n Dominicana<\/p>\n\n\n\n<p>\u201cNuestro Partido se une al dolor de esa familia&nbsp;&nbsp;por tan irreparable p\u00e9rdida&nbsp;&nbsp;de un hombre&nbsp;&nbsp;lleno de amor para su amado pueblo. Pedimos consuelo para todos sus familiares&nbsp;&nbsp;y amigo\u201d se dice en la nota<\/p>\n\n\n\n<p>El fenecido Juan Saji\u00fan se desempe\u00f1\u00f3 en la alcald\u00eda como asistente del alcalde Aneudi Ortiz, quien lleg\u00f3 a la direcci\u00f3n del ayuntamiento en alianza con el Partido de la Liberaci\u00f3n Dominicana.<\/p>\n\n\n\n<p>Se inform\u00f3 que esta tarde ser\u00eda velado y sepultado. Paz a sus restos.<\/p>\n\n\n\n<p><strong>SECRETARIA COMUNICACIONES<\/strong><\/p>\n\n\n\n<p><strong>17 NOVIEMBRE 2021<\/strong><\/p>\n\n\n\n<p><\/p>\n","protected":false},"excerpt":{"rendered":"<p>Santo Domingo, RD.- El Partido de la Liberaci\u00f3n Dominicana (PLD)\u00a0\u00a0manifest\u00f3 su pesar por la noticia\u00a0\u00a0del fallecimiento del ciudadano de San Jos\u00e9 de Ocoa, Juan Saji\u00fan, quien muri\u00f3 la tarde de este mi\u00e9rcoles en un centro cl\u00ednico de la ciudad de Santo Domingo. En un mensaje el Comit\u00e9 Provincial del PLD en San Jos\u00e9\u00a0\u00a0Ocoa, firmado por [&hellip;]<\/p>\n","protected":false},"author":28,"featured_media":308936,"comment_status":"closed","ping_status":"","sticky":true,"template":"","format":"standard","meta":{"footnotes":""},"categories":[25,27],"tags":[],"class_list":["post-308930","post","type-post","status-publish","format-standard","has-post-thumbnail","hentry","category-gente","category-portada"],"_links":{"self":[{"href":"https:\/\/diariodominicano.com\/index.php?rest_route=\/wp\/v2\/posts\/308930","targetHints":{"allow":["GET"]}}],"collection":[{"href":"https:\/\/diariodominicano.com\/index.php?rest_route=\/wp\/v2\/posts"}],"about":[{"href":"https:\/\/diariodominicano.com\/index.php?rest_route=\/wp\/v2\/types\/post"}],"author":[{"embeddable":true,"href":"https:\/\/diariodominicano.com\/index.php?rest_route=\/wp\/v2\/users\/28"}],"replies":[{"embeddable":true,"href":"https:\/\/diariodominicano.com\/index.php?rest_route=%2Fwp%2Fv2%2Fcomments&post=308930"}],"version-history":[{"count":1,"href":"https:\/\/diariodominicano.com\/index.php?rest_route=\/wp\/v2\/posts\/308930\/revisions"}],"predecessor-version":[{"id":308939,"href":"https:\/\/diariodominicano.com\/index.php?rest_route=\/wp\/v2\/posts\/308930\/revisions\/308939"}],"wp:featuredmedia":[{"embeddable":true,"href":"https:\/\/diariodominicano.com\/index.php?rest_route=\/wp\/v2\/media\/308936"}],"wp:attachment":[{"href":"https:\/\/diariodominicano.com\/index.php?rest_route=%2Fwp%2Fv2%2Fmedia&parent=308930"}],"wp:term":[{"taxonomy":"category","embeddable":true,"href":"https:\/\/diariodominicano.com\/index.php?rest_route=%2Fwp%2Fv2%2Fcategories&post=308930"},{"taxonomy":"post_tag","embeddable":true,"href":"https:\/\/diariodominicano.com\/index.php?rest_route=%2Fwp%2Fv2%2Ftags&post=308930"}],"curies":[{"name":"wp","href":"https:\/\/api.w.org\/{rel}","templated":true}]}}