{"id":308928,"date":"2021-11-17T20:56:10","date_gmt":"2021-11-18T00:56:10","guid":{"rendered":"http:\/\/diariodominicano.com\/?p=308928"},"modified":"2021-11-17T20:56:10","modified_gmt":"2021-11-18T00:56:10","slug":"mueren-al-menos-25-personas-por-fiebre-amarilla-en-ghana","status":"publish","type":"post","link":"https:\/\/diariodominicano.com\/?p=308928","title":{"rendered":"Mueren al menos 25 personas por fiebre amarilla en Ghana"},"content":{"rendered":"\n<p>diariodominicano.com<a rel=\"noreferrer noopener\" href=\"https:\/\/www.xinhua-news.com\/gdsdetailxhs\/share\/10618181-?pageflag=iframe\" target=\"_blank\"><\/a><\/p>\n\n\n\n<pre id=\"text-news-description\" class=\"wp-block-preformatted\">   ACRA, 17 nov (Xinhua) -- Al menos 25 personas han muerto por un brote de fiebre amarilla en el norte de Ghana, de acuerdo con el Servicio de Salud de Ghana (SSG).\n   \"En total, se han reportado 25 decesos en la regi\u00f3n Savannah y en la regi\u00f3n Alto Oeste, y 18 personas est\u00e1n hospitalizadas\", dice un comunicado emitido el martes por la tarde y firmado por el director general del SSG, Patrick Kuma-Aboagye.\n   Para fortalecer el manejo de los casos severos y cr\u00edticos, un grupo de expertos en enfermedades contagiosas del equipo nacional de manejo de casos ha capacitado a enfermeras, m\u00e9dicos y farmac\u00e9uticos sobre el manejo de casos severos y cr\u00edticos.\n   El SSG continuar\u00e1 haciendo esfuerzos para mejorar los resultados en las personas afectadas, mientras contin\u00faa la vacunaci\u00f3n espec\u00edfica contra la fiebre amarilla en los distritos afectados, agrega el comunicado.\n   Un total de 43.615 personas en el pa\u00eds han sido vacunadas como parte de los esfuerzos para reducir los contagios.\n   \"El SSG, junto con el Ministerio de Salud, continuar\u00e1 participando con la Organizaci\u00f3n Mundial de la Salud para garantizar que este brote sea puesto bajo control\", indica el comunicado.\n   La fiebre amarilla es una enfermedad viral que se propaga a trav\u00e9s de la picadura de mosquitos. Se recomienda la vacunaci\u00f3n como una medida preventiva clave contra la enfermedad.<\/pre>\n","protected":false},"excerpt":{"rendered":"<p>diariodominicano.com ACRA, 17 nov (Xinhua) &#8212; Al menos 25 personas han muerto por un brote de fiebre amarilla en el norte de Ghana, de acuerdo con el Servicio de Salud de Ghana (SSG). \u00abEn total, se han reportado 25 decesos en la regi\u00f3n Savannah y en la regi\u00f3n Alto Oeste, y 18 personas est\u00e1n hospitalizadas\u00bb, [&hellip;]<\/p>\n","protected":false},"author":5,"featured_media":308931,"comment_status":"closed","ping_status":"","sticky":true,"template":"","format":"standard","meta":{"footnotes":""},"categories":[23,27],"tags":[],"class_list":["post-308928","post","type-post","status-publish","format-standard","has-post-thumbnail","hentry","category-internacional","category-portada"],"_links":{"self":[{"href":"https:\/\/diariodominicano.com\/index.php?rest_route=\/wp\/v2\/posts\/308928","targetHints":{"allow":["GET"]}}],"collection":[{"href":"https:\/\/diariodominicano.com\/index.php?rest_route=\/wp\/v2\/posts"}],"about":[{"href":"https:\/\/diariodominicano.com\/index.php?rest_route=\/wp\/v2\/types\/post"}],"author":[{"embeddable":true,"href":"https:\/\/diariodominicano.com\/index.php?rest_route=\/wp\/v2\/users\/5"}],"replies":[{"embeddable":true,"href":"https:\/\/diariodominicano.com\/index.php?rest_route=%2Fwp%2Fv2%2Fcomments&post=308928"}],"version-history":[{"count":1,"href":"https:\/\/diariodominicano.com\/index.php?rest_route=\/wp\/v2\/posts\/308928\/revisions"}],"predecessor-version":[{"id":308932,"href":"https:\/\/diariodominicano.com\/index.php?rest_route=\/wp\/v2\/posts\/308928\/revisions\/308932"}],"wp:featuredmedia":[{"embeddable":true,"href":"https:\/\/diariodominicano.com\/index.php?rest_route=\/wp\/v2\/media\/308931"}],"wp:attachment":[{"href":"https:\/\/diariodominicano.com\/index.php?rest_route=%2Fwp%2Fv2%2Fmedia&parent=308928"}],"wp:term":[{"taxonomy":"category","embeddable":true,"href":"https:\/\/diariodominicano.com\/index.php?rest_route=%2Fwp%2Fv2%2Fcategories&post=308928"},{"taxonomy":"post_tag","embeddable":true,"href":"https:\/\/diariodominicano.com\/index.php?rest_route=%2Fwp%2Fv2%2Ftags&post=308928"}],"curies":[{"name":"wp","href":"https:\/\/api.w.org\/{rel}","templated":true}]}}