{"id":308925,"date":"2021-11-17T20:49:56","date_gmt":"2021-11-18T00:49:56","guid":{"rendered":"http:\/\/diariodominicano.com\/?p=308925"},"modified":"2021-11-17T21:00:58","modified_gmt":"2021-11-18T01:00:58","slug":"msp-sostiene-encuentro-con-inspectores-covid-19-para-reforzar-medidas-preventivas","status":"publish","type":"post","link":"https:\/\/diariodominicano.com\/?p=308925","title":{"rendered":"MSP sostiene encuentro con inspectores COVID-19 para reforzar medidas preventivas"},"content":{"rendered":"\n<p>diariodominicano.com<\/p>\n\n\n\n<p>Santo Domingo, R. D.,  17 de noviembre, 2021.- Con el prop\u00f3sito de reforzar las acciones de vigilancia y cumplimiento de las resoluciones protocolares de seguridad vigentes para evitar la propagaci\u00f3n del virus SARS Cov-2 y sus distintas variantes, el ministro de Salud P\u00fablica, Daniel Rivera, sostuvo este mi\u00e9rcoles un encuentro con los inspectores COVID de todo el territorio nacional.<\/p>\n\n\n\n<p>Rivera felicit\u00f3 a cada inspector COVID por su ardua labor y el rol realizado en el tiempo de pandemia, al tiempo de afirmar que ellos seguir\u00e1n pendientes de la salud del pueblo para salvaguardar a las personas, pero insisti\u00f3 que la poblaci\u00f3n faltante debe vacunarse.<\/p>\n\n\n\n<p>\u00a8Este encuentro es para reforzar su funci\u00f3n. Hoy es el relanzamiento para completar el peque\u00f1o grupo de la segunda dosis porque no queremos gente enferma. En las manos de ellos est\u00e1 el cumplimiento de la poblaci\u00f3n\u00a8.<\/p>\n\n\n\n<p>El titular de Salud agradeci\u00f3 la labor de los inspectores COVID y rectific\u00f3 que, a nivel nacional, estos est\u00e1n cumpliendo con sus responsabilidades amparados en la Resoluci\u00f3n 42-01, la cual tiene como objetivo preservar los lineamientos de la salud colectiva.<\/p>\n\n\n\n<p>El funcionario record\u00f3 a la poblaci\u00f3n que se acercan las festividades navide\u00f1as y se est\u00e1n reforzando las medidas preventivas para que la ciudadan\u00eda pueda disfrutar, pero deben continuar la inoculaci\u00f3n.<\/p>\n\n\n\n<p>Por ello, el ministro de Salud exhort\u00f3 a las personas que todav\u00eda no han terminado con la aplicaci\u00f3n de las dosis de vacunas correspondientes, \u201cSi todos reciben su inmunizaci\u00f3n podr\u00e1n tener una navidad segura y tranquila, ya que por las festividades siempre se est\u00e1 en actividades de muchas personas\u201d. Indic\u00f3.<\/p>\n\n\n\n<p>En otro orden, el coordinador de inspectores COVID, H\u00e9ctor Villalona, reiter\u00f3 al personal bajo su responsabilidad a nivel nacional, la responsabilidad de supervisar, evaluar y garantizar el cumplimiento de las medidas preventivas documentadas en la Resoluci\u00f3n 0000-48 emitida por el Ministerio de Salud P\u00fablica.<\/p>\n\n\n\n<p>Tambi\u00e9n insisti\u00f3 en el debido cumplimiento de las medidas preventivas: uso de mascarillas en los comercios, por parte de empleados y visitantes, solicitar tarjeta de vacunaci\u00f3n, sus dosis correspondientes, y\/o prueba PCR con un m\u00e1ximo de una semana de vigencia, as\u00ed como mantener un m\u00ednimo de dos metros de distancia entre personas.<\/p>\n\n\n\n<p>Manifest\u00f3 que, para fines de lugar, se les est\u00e1 dando seguimiento a algunos centros comerciales que est\u00e1n violentando las disposiciones establecidas.<\/p>\n\n\n\n<p>Adem\u00e1s de las autoridades mencionadas, la actividad cont\u00f3 con la participaci\u00f3n del doctor Eladio P\u00e9rez, viceministro de Salud Colectiva, y del contralmirante Luis Rafael Lee Ballester, A.R.D, director del C5i, quien asegur\u00f3 que siguen trabajando arduamente para brindar apoyo en el proceso, dando cumplimiento a la ruta de seguridad mediante la fiscalizaci\u00f3n de las normas en el transporte p\u00fablico, plazas comerciales, restaurantes, supermercados, hospitales y recintos escolares.<\/p>\n\n\n\n<p>Asimismo, estuvieron presentes los doctores Robinson Santos, director de Gabinete; los viceministros, doctores Jos\u00e9 Antonio Matos, de Garant\u00eda de la Calidad, y Edward Guzm\u00e1n, de Planificaci\u00f3n y Desarrollo; Luis Tolentino, director Jur\u00eddico; Julio de Le\u00f3n, director de Premat; Tammy Santana, a cargo de la Divisi\u00f3n Materno Infantil y Adolescentes, e Hilario Reyes, director de Residencias M\u00e9dicas, entre otros servidores del MSP.<\/p>\n\n\n\n<p>Fuente: Direcci\u00f3n de Estrategia y Comunicaci\u00f3n Gubernamental<\/p>\n\n\n\n<p>Ministerio Administrativo de la Presidencia de la Rep\u00fablica Dominicana<\/p>\n","protected":false},"excerpt":{"rendered":"<p>diariodominicano.com Santo Domingo, R. D., 17 de noviembre, 2021.- Con el prop\u00f3sito de reforzar las acciones de vigilancia y cumplimiento de las resoluciones protocolares de seguridad vigentes para evitar la propagaci\u00f3n del virus SARS Cov-2 y sus distintas variantes, el ministro de Salud P\u00fablica, Daniel Rivera, sostuvo este mi\u00e9rcoles un encuentro con los inspectores COVID [&hellip;]<\/p>\n","protected":false},"author":5,"featured_media":308937,"comment_status":"closed","ping_status":"","sticky":true,"template":"","format":"standard","meta":{"footnotes":""},"categories":[20,27],"tags":[],"class_list":["post-308925","post","type-post","status-publish","format-standard","has-post-thumbnail","hentry","category-dominicana-hoy","category-portada"],"_links":{"self":[{"href":"https:\/\/diariodominicano.com\/index.php?rest_route=\/wp\/v2\/posts\/308925","targetHints":{"allow":["GET"]}}],"collection":[{"href":"https:\/\/diariodominicano.com\/index.php?rest_route=\/wp\/v2\/posts"}],"about":[{"href":"https:\/\/diariodominicano.com\/index.php?rest_route=\/wp\/v2\/types\/post"}],"author":[{"embeddable":true,"href":"https:\/\/diariodominicano.com\/index.php?rest_route=\/wp\/v2\/users\/5"}],"replies":[{"embeddable":true,"href":"https:\/\/diariodominicano.com\/index.php?rest_route=%2Fwp%2Fv2%2Fcomments&post=308925"}],"version-history":[{"count":3,"href":"https:\/\/diariodominicano.com\/index.php?rest_route=\/wp\/v2\/posts\/308925\/revisions"}],"predecessor-version":[{"id":308935,"href":"https:\/\/diariodominicano.com\/index.php?rest_route=\/wp\/v2\/posts\/308925\/revisions\/308935"}],"wp:featuredmedia":[{"embeddable":true,"href":"https:\/\/diariodominicano.com\/index.php?rest_route=\/wp\/v2\/media\/308937"}],"wp:attachment":[{"href":"https:\/\/diariodominicano.com\/index.php?rest_route=%2Fwp%2Fv2%2Fmedia&parent=308925"}],"wp:term":[{"taxonomy":"category","embeddable":true,"href":"https:\/\/diariodominicano.com\/index.php?rest_route=%2Fwp%2Fv2%2Fcategories&post=308925"},{"taxonomy":"post_tag","embeddable":true,"href":"https:\/\/diariodominicano.com\/index.php?rest_route=%2Fwp%2Fv2%2Ftags&post=308925"}],"curies":[{"name":"wp","href":"https:\/\/api.w.org\/{rel}","templated":true}]}}