{"id":308917,"date":"2021-11-17T20:45:02","date_gmt":"2021-11-18T00:45:02","guid":{"rendered":"http:\/\/diariodominicano.com\/?p=308917"},"modified":"2021-11-17T20:45:02","modified_gmt":"2021-11-18T00:45:02","slug":"futbol-messi-celebra-clasificacion-a-mundial-de-qatar-2022","status":"publish","type":"post","link":"https:\/\/diariodominicano.com\/?p=308917","title":{"rendered":"F\u00fatbol: Messi celebra clasificaci\u00f3n a Mundial de Qatar 2022"},"content":{"rendered":"\n<p>diariodominicano.com<\/p>\n\n\n\n<pre id=\"text-news-description\" class=\"wp-block-preformatted\">   BUENOS AIRES, 17 nov (Xinhua) -- El astro argentino de f\u00fatbol, Lionel Messi, celebr\u00f3 hoy mi\u00e9rcoles la clasificaci\u00f3n del seleccionado de su pa\u00eds al Mundial de Qatar 2022.\n   \"Reci\u00e9n aterric\u00e9 en Par\u00eds con la inmensa alegr\u00eda de haber conseguido el objetivo del pase al Mundial de Qatar. Es sin duda la frutilla del postre en un a\u00f1o muy especial que vivimos con nuestra selecci\u00f3n\", afirm\u00f3 el capit\u00e1n de la selecci\u00f3n argentina.\n   En un mensaje publicado en su red social Instagram, el delantero del club Paris Saint Germain (PSG) de Francia agradeci\u00f3 a los aficionados \"por todo el cari\u00f1o que siempre\" les dan.\n   \"En enero, si Dios quiere, nos estaremos viendo otra vez\", anunci\u00f3 Messi respecto a la pr\u00f3xima doble fecha de las Eliminatorias Sudamericanas ante Chile (de visitante) y Colombia (de local).\n   El jugador de 34 a\u00f1os dijo que \"ahora toca cambiar el foco\", ya que tambi\u00e9n tiene \"muchas ganas de continuar luchando para conseguir los objetivos\" planteados con el PSG.\n   \"Ya falta apenas un mes y medio para el 2022, y me gustar\u00eda terminar este a\u00f1o de la mejor manera posible y con m\u00e1s buenos momentos que podamos lograr en Francia. Abrazo a todos!!!\", agreg\u00f3.\n   Este a\u00f1o, Messi pudo conseguir su primer t\u00edtulo con el seleccionado de mayores en la Copa Am\u00e9rica de Brasil, donde vencieron 1-0 a su cl\u00e1sico rival (Brasil) para romper una racha de 28 a\u00f1os sin conquistas.\n   Adem\u00e1s, el seleccionado argentino dirigido por Lionel Scaloni obtuvo su pasaje a Qatar tras el empate 0-0 del martes contra los verdeamarillos, que se hab\u00edan clasificado en la jornada anterior.\n   Ser\u00e1 la quinta participaci\u00f3n mundialista de la m\u00e1xima figura del elenco albiceleste, tras Alemania 2006 (cuartos de final), Sud\u00e1frica 2010 (cuartos de final), Brasil 2014 (final) y Rusia 2018 (octavos de final).\n   En las Eliminatorias Sudamericanas Argentina suma 29 puntos, a seis de su adversario, y ambos est\u00e1n invictos en 13 partidos disputados. <\/pre>\n","protected":false},"excerpt":{"rendered":"<p>diariodominicano.com BUENOS AIRES, 17 nov (Xinhua) &#8212; El astro argentino de f\u00fatbol, Lionel Messi, celebr\u00f3 hoy mi\u00e9rcoles la clasificaci\u00f3n del seleccionado de su pa\u00eds al Mundial de Qatar 2022. \u00abReci\u00e9n aterric\u00e9 en Par\u00eds con la inmensa alegr\u00eda de haber conseguido el objetivo del pase al Mundial de Qatar. Es sin duda la frutilla del postre [&hellip;]<\/p>\n","protected":false},"author":5,"featured_media":308923,"comment_status":"closed","ping_status":"","sticky":true,"template":"","format":"standard","meta":{"footnotes":""},"categories":[17,27],"tags":[],"class_list":["post-308917","post","type-post","status-publish","format-standard","has-post-thumbnail","hentry","category-deportes","category-portada"],"_links":{"self":[{"href":"https:\/\/diariodominicano.com\/index.php?rest_route=\/wp\/v2\/posts\/308917","targetHints":{"allow":["GET"]}}],"collection":[{"href":"https:\/\/diariodominicano.com\/index.php?rest_route=\/wp\/v2\/posts"}],"about":[{"href":"https:\/\/diariodominicano.com\/index.php?rest_route=\/wp\/v2\/types\/post"}],"author":[{"embeddable":true,"href":"https:\/\/diariodominicano.com\/index.php?rest_route=\/wp\/v2\/users\/5"}],"replies":[{"embeddable":true,"href":"https:\/\/diariodominicano.com\/index.php?rest_route=%2Fwp%2Fv2%2Fcomments&post=308917"}],"version-history":[{"count":1,"href":"https:\/\/diariodominicano.com\/index.php?rest_route=\/wp\/v2\/posts\/308917\/revisions"}],"predecessor-version":[{"id":308924,"href":"https:\/\/diariodominicano.com\/index.php?rest_route=\/wp\/v2\/posts\/308917\/revisions\/308924"}],"wp:featuredmedia":[{"embeddable":true,"href":"https:\/\/diariodominicano.com\/index.php?rest_route=\/wp\/v2\/media\/308923"}],"wp:attachment":[{"href":"https:\/\/diariodominicano.com\/index.php?rest_route=%2Fwp%2Fv2%2Fmedia&parent=308917"}],"wp:term":[{"taxonomy":"category","embeddable":true,"href":"https:\/\/diariodominicano.com\/index.php?rest_route=%2Fwp%2Fv2%2Fcategories&post=308917"},{"taxonomy":"post_tag","embeddable":true,"href":"https:\/\/diariodominicano.com\/index.php?rest_route=%2Fwp%2Fv2%2Ftags&post=308917"}],"curies":[{"name":"wp","href":"https:\/\/api.w.org\/{rel}","templated":true}]}}