{"id":308898,"date":"2021-11-17T20:09:30","date_gmt":"2021-11-18T00:09:30","guid":{"rendered":"https:\/\/diariodominicano.com\/?p=308898"},"modified":"2021-11-17T20:10:03","modified_gmt":"2021-11-18T00:10:03","slug":"condenan-a-15-anos-de-prision-a-hombre-enjuiciado-por-tentativa-de-homicidio-y-violencia-intrafamiliar-en-sfm","status":"publish","type":"post","link":"https:\/\/diariodominicano.com\/?p=308898","title":{"rendered":"Condenan a 15 a\u00f1os de prisi\u00f3n a hombre enjuiciado por tentativa de homicidio y violencia intrafamiliar en SFM"},"content":{"rendered":"\n<p><strong>DUARTE,  Rep\u00fablica Dominicana.-<\/strong>\u00a0Una condena a 15 a\u00f1os de prisi\u00f3n recay\u00f3 sobre un hombre al que el Ministerio P\u00fablico acus\u00f3 de tentativa de homicidio y violencia intrafamiliar agravada, en un hecho ocurrido el pasado a\u00f1o en el municipio San Francisco de Macor\u00eds.\u00a0<\/p>\n\n\n\n<p>El Primer Tribunal Colegiado del Distrito Judicial de Duarte declar\u00f3 culpable al procesado, quien cumplir\u00e1 la pena en el Centro de Correcci\u00f3n y Rehabilitaci\u00f3n Vista al Valle, de San Francisco de Macor\u00eds.<\/p>\n\n\n\n<p>Adem\u00e1s, los jueces Nilsa Marte, Yudelka Buret y Manuela Acosta le ordenaron pagar un mill\u00f3n de pesos en indemnizaci\u00f3n a la v\u00edctima, de quien se omite el nombre para proteger su intimidad.&nbsp;<\/p>\n\n\n\n<p>El Ministerio P\u00fablico demostr\u00f3 en el juicio de fondo que el acusado cometi\u00f3 violencia contra su expareja, a quien le provoc\u00f3 varias heridas de arma blanca en presencia de dos hijos de la v\u00edctima, de 10 y ocho a\u00f1os de edad.&nbsp;<\/p>\n\n\n\n<p>El hecho ocurri\u00f3 la madrugada del 28 de septiembre de 2020, en el municipio Las Gu\u00e1ranas.&nbsp;<\/p>\n\n\n\n<p>El expediente destaca que el imputado atac\u00f3 a la v\u00edctima con unas tijeras, en violaci\u00f3n a los art\u00edculos 2, 295, 304, 309-2, 309-3 letras B, C, D del C\u00f3digo Penal, modificado por la Ley 24-97, sobre Violencia de G\u00e9nero e Intrafamiliar, as\u00ed como el art\u00edculo 83 de la Ley 631-16&nbsp;para el Control y Regulaci\u00f3n de Armas, Municiones y Materiales Relacionados.&nbsp;<\/p>\n\n\n\n<p><strong>Direcci\u00f3n de Comunicaci\u00f3n y Prensa<\/strong><\/p>\n\n\n\n<p><strong>Procuradur\u00eda General-Ministerio P\u00fablico RD<\/strong><\/p>\n\n\n\n<p><strong>Mi\u00e9rcoles, 17 de noviembre de 2021.<\/strong><\/p>\n\n\n\n<p>Diariodominicano.com<\/p>\n\n\n\n<p>El medio de comunicaci\u00f3n<\/p>\n\n\n\n<p><\/p>\n","protected":false},"excerpt":{"rendered":"<p>DUARTE, Rep\u00fablica Dominicana.-\u00a0Una condena a 15 a\u00f1os de prisi\u00f3n recay\u00f3 sobre un hombre al que el Ministerio P\u00fablico acus\u00f3 de tentativa de homicidio y violencia intrafamiliar agravada, en un hecho ocurrido el pasado a\u00f1o en el municipio San Francisco de Macor\u00eds.\u00a0 El Primer Tribunal Colegiado del Distrito Judicial de Duarte declar\u00f3 culpable al procesado, quien [&hellip;]<\/p>\n","protected":false},"author":28,"featured_media":292167,"comment_status":"closed","ping_status":"","sticky":true,"template":"","format":"standard","meta":{"footnotes":""},"categories":[24,27],"tags":[],"class_list":["post-308898","post","type-post","status-publish","format-standard","has-post-thumbnail","hentry","category-justicia-y-derecho","category-portada"],"_links":{"self":[{"href":"https:\/\/diariodominicano.com\/index.php?rest_route=\/wp\/v2\/posts\/308898","targetHints":{"allow":["GET"]}}],"collection":[{"href":"https:\/\/diariodominicano.com\/index.php?rest_route=\/wp\/v2\/posts"}],"about":[{"href":"https:\/\/diariodominicano.com\/index.php?rest_route=\/wp\/v2\/types\/post"}],"author":[{"embeddable":true,"href":"https:\/\/diariodominicano.com\/index.php?rest_route=\/wp\/v2\/users\/28"}],"replies":[{"embeddable":true,"href":"https:\/\/diariodominicano.com\/index.php?rest_route=%2Fwp%2Fv2%2Fcomments&post=308898"}],"version-history":[{"count":3,"href":"https:\/\/diariodominicano.com\/index.php?rest_route=\/wp\/v2\/posts\/308898\/revisions"}],"predecessor-version":[{"id":308901,"href":"https:\/\/diariodominicano.com\/index.php?rest_route=\/wp\/v2\/posts\/308898\/revisions\/308901"}],"wp:featuredmedia":[{"embeddable":true,"href":"https:\/\/diariodominicano.com\/index.php?rest_route=\/wp\/v2\/media\/292167"}],"wp:attachment":[{"href":"https:\/\/diariodominicano.com\/index.php?rest_route=%2Fwp%2Fv2%2Fmedia&parent=308898"}],"wp:term":[{"taxonomy":"category","embeddable":true,"href":"https:\/\/diariodominicano.com\/index.php?rest_route=%2Fwp%2Fv2%2Fcategories&post=308898"},{"taxonomy":"post_tag","embeddable":true,"href":"https:\/\/diariodominicano.com\/index.php?rest_route=%2Fwp%2Fv2%2Ftags&post=308898"}],"curies":[{"name":"wp","href":"https:\/\/api.w.org\/{rel}","templated":true}]}}