{"id":308895,"date":"2021-11-17T20:02:22","date_gmt":"2021-11-18T00:02:22","guid":{"rendered":"https:\/\/diariodominicano.com\/?p=308895"},"modified":"2021-11-17T20:02:22","modified_gmt":"2021-11-18T00:02:22","slug":"procurador-adjunto-wilson-camacho-es-incomprensible-que-abogado-de-encartado-caso-coral-no-se-presente-a-audiencia-para-conocer-recurso-de-apelacion","status":"publish","type":"post","link":"https:\/\/diariodominicano.com\/?p=308895","title":{"rendered":"Procurador adjunto Wilson Camacho: es incomprensible que abogado de encartado Caso Coral no se presente a audiencia para conocer recurso de apelaci\u00f3n"},"content":{"rendered":"\n<p><em><u>La Primera Sala de la Corte de Apelaci\u00f3n del Distrito Nacional acogi\u00f3 la solicitud del Ministerio P\u00fablico y decret\u00f3 el abandono de la defensa de Alejandro Jos\u00e9 Montero<\/u><\/em><\/p>\n\n\n\n<p><strong>SANTO DOMINGO, Rep\u00fablica Dominicana, 17 de noviembre 2021.-<\/strong> En atenci\u00f3n al pedimento del\u00a0 Ministerio P\u00fablico, la Primera Sala de la Corte de Apelaci\u00f3n del Distrito Nacional decret\u00f3 el abandono de la defensa del sargento de la Armada Alejandro Jos\u00e9 Montero Cruz, imputado por corrupci\u00f3n en el Caso Coral, y aplaz\u00f3 la audiencia para el pr\u00f3ximo 29 de noviembre, d\u00eda en que deber\u00e1 presentarse con un representante legal o ser asistido por la Defensor\u00eda P\u00fablica.<\/p>\n\n\n\n<p><strong>El procurador adjunto Wilson Camacho, titular de la Procuradur\u00eda Especializada de Persecuci\u00f3n de la Corrupci\u00f3n Administrativa (Pepca), calific\u00f3 como incomprensible y reprochable la actitud procesal de la defensa del imputado, ya que son quienes presentaron un recurso sin asistir al tribunal a defender su postura.<\/strong><\/p>\n\n\n\n<p>\u201cPor eso, nosotros, en el d\u00eda de hoy hemos solicitado al tribunal que decrete el abandono de esa defensa para que esta persona sea asistida por otro defensor de su elecci\u00f3n o por la Defensa P\u00fablica y el tribunal ha acogido el pedimento del Ministerio P\u00fablico y ha decretado el abandono de la defensa\u201d, dijo Camacho.<\/p>\n\n\n\n<p>\u201c\u00c9l puede contratar un abogado o lo asistir\u00e1 la Defensa P\u00fablica\u201d, agreg\u00f3.<\/p>\n\n\n\n<p>Atendiendo la petici\u00f3n, los jueces de la Primera Sala de la Corte de Apelaci\u00f3n del Distrito Nacional, Doris Pujols Ortiz, Rafael B\u00e1ez Garc\u00eda y Carmen Mancebo, aplazaron para el pr\u00f3ximo lunes 29 de noviembre, a las 9:00 de la ma\u00f1ana, el conocimiento del recurso, ante la ausencia por segunda vez del abogado Jos\u00e9 Francisco Aquino.<\/p>\n\n\n\n<p>El tribunal record\u00f3 que el pasado lunes el abogado present\u00f3 un parte m\u00e9dico en el que indicaba que deb\u00eda someterse a una prueba para la detecci\u00f3n de la COVID-19, por lo que decidi\u00f3 suspender la audiencia ante sus alegatos de sospecha de estar afectado por el virus.<\/p>\n\n\n\n<p>Pero este mi\u00e9rcoles el abogado present\u00f3 otros documentos de la misma entidad que emiti\u00f3 la anterior, con un parte m\u00e9dico que establece que debe guardar distanciamiento por diez d\u00edas ante una sospecha de COVID-19, basado en una prueba r\u00e1pida que se realiz\u00f3 en el d\u00eda de hoy,&nbsp; pese a que se le hab\u00edan otorgado dos d\u00edas para realizarse el estudio correspondiente.<\/p>\n\n\n\n<p>En mayo pasado el Ministerio P\u00fablico present\u00f3 pruebas que llevaron a la Oficina Judicial de Servicios de Atenci\u00f3n Permanente del Distrito Nacional a imponer 18 meses de prisi\u00f3n preventiva en contra del sargento Montero Cruz, as\u00ed como del mayor general Ad\u00e1n C\u00e1ceres Silvestre, Rossy Guzm\u00e1n S\u00e1nchez, el cabo policial Tanner Antonio Flete Guzm\u00e1n y el coronel policial Rafael N\u00fa\u00f1ez de Aza.<\/p>\n\n\n\n<p>En tanto que contra Ra\u00fal Alejandro Gir\u00f3n Jim\u00e9nez se orden\u00f3 el arresto domiciliario por razones de seguridad, por cooperar con la investigaci\u00f3n del Ministerio P\u00fablico.<\/p>\n\n\n\n<p>Posteriormente, el Primer Juzgado de la Instrucci\u00f3n del Distrito Nacional le confirm\u00f3 a todos la medida de coerci\u00f3n, que ahora fue apelada por el imputado Montero Cruz.<\/p>\n\n\n\n<p>El Ministerio P\u00fablico destac\u00f3 que tras acoger de nuevo su solicitud, el pasado viernes durante la revisi\u00f3n obligatoria el juzgado le confirm\u00f3 por segunda vez la coerci\u00f3n a los dem\u00e1s imputados, excepto a Montero Cruz, a quien no le fue revisada la medida por tener pendiente el conocimiento del recurso de apelaci\u00f3n.<\/p>\n\n\n\n<p>El \u00f3rgano de justicia destac\u00f3 que desde que le fue impuesta la medida en mayo pasado, los imputados han intentado en diferentes instancias obtener la libertad, sin que hayan logrado su objetivo.<\/p>\n\n\n\n<p>Los imputados guardan prisi\u00f3n en los centros de correcci\u00f3n y rehabilitaci\u00f3n de Najayo Hombres y Mujeres, en San Crist\u00f3bal, mientras el Ministerio P\u00fablico contin\u00faa con la investigaci\u00f3n del caso, que fue declarado de tramitaci\u00f3n compleja.<\/p>\n\n\n\n<p>El grupo es acusado de incurrir en asociaci\u00f3n de malhechores, estafa contra el Estado dominicano, coalici\u00f3n de funcionarios, falsificaci\u00f3n de documentos p\u00fablicos, lavado de activos provenientes de actos de corrupci\u00f3n y porte y tenencia ilegal de armas de fuego.<\/p>\n\n\n\n<p>La Pepca y la Direcci\u00f3n General de Persecuci\u00f3n del Ministerio P\u00fablico llevan a cabo la investigaci\u00f3n y litigaci\u00f3n del caso.<\/p>\n\n\n\n<p>El entramado criminal desarrollaba sus actividades delictivas en el Cuerpo de Seguridad Presidencial (Cusep) y en el Cuerpo Especializado de Seguridad Tur\u00edstica (Cestur), principalmente, con el abultamiento de la n\u00f3mina. Durante las pesquisas, el Ministerio P\u00fablico descubri\u00f3 que el coronel Rafael N\u00fa\u00f1ez de Aza tambi\u00e9n fungi\u00f3 como director financiero del Conani, a pesar de que no aparec\u00eda en los registros p\u00fablicos.<\/p>\n\n\n\n<p>El Ministerio P\u00fablico ha establecido en el transcurso del proceso judicial que realizaban operaciones fraudulentas para adquirir una gran cantidad de bienes muebles e inmuebles, veh\u00edculos de lujo y propiedades en diferentes lugares del pa\u00eds.<\/p>\n\n\n\n<p><strong>Direcci\u00f3n de Comunicaci\u00f3n y Prensa<\/strong><\/p>\n\n\n\n<p><strong>Procuradur\u00eda General-Ministerio P\u00fablico RD<\/strong><\/p>\n\n\n\n<p><strong>Mi\u00e9rcoles, 17 de noviembre de 2021.<\/strong><\/p>\n\n\n\n<p>Diariodominicano.com<\/p>\n\n\n\n<p>El medio de comunicaci\u00f3n<\/p>\n\n\n\n<p><\/p>\n","protected":false},"excerpt":{"rendered":"<p>La Primera Sala de la Corte de Apelaci\u00f3n del Distrito Nacional acogi\u00f3 la solicitud del Ministerio P\u00fablico y decret\u00f3 el abandono de la defensa de Alejandro Jos\u00e9 Montero SANTO DOMINGO, Rep\u00fablica Dominicana, 17 de noviembre 2021.- En atenci\u00f3n al pedimento del\u00a0 Ministerio P\u00fablico, la Primera Sala de la Corte de Apelaci\u00f3n del Distrito Nacional decret\u00f3 [&hellip;]<\/p>\n","protected":false},"author":28,"featured_media":308896,"comment_status":"closed","ping_status":"","sticky":true,"template":"","format":"standard","meta":{"footnotes":""},"categories":[24,27],"tags":[],"class_list":["post-308895","post","type-post","status-publish","format-standard","has-post-thumbnail","hentry","category-justicia-y-derecho","category-portada"],"_links":{"self":[{"href":"https:\/\/diariodominicano.com\/index.php?rest_route=\/wp\/v2\/posts\/308895","targetHints":{"allow":["GET"]}}],"collection":[{"href":"https:\/\/diariodominicano.com\/index.php?rest_route=\/wp\/v2\/posts"}],"about":[{"href":"https:\/\/diariodominicano.com\/index.php?rest_route=\/wp\/v2\/types\/post"}],"author":[{"embeddable":true,"href":"https:\/\/diariodominicano.com\/index.php?rest_route=\/wp\/v2\/users\/28"}],"replies":[{"embeddable":true,"href":"https:\/\/diariodominicano.com\/index.php?rest_route=%2Fwp%2Fv2%2Fcomments&post=308895"}],"version-history":[{"count":1,"href":"https:\/\/diariodominicano.com\/index.php?rest_route=\/wp\/v2\/posts\/308895\/revisions"}],"predecessor-version":[{"id":308897,"href":"https:\/\/diariodominicano.com\/index.php?rest_route=\/wp\/v2\/posts\/308895\/revisions\/308897"}],"wp:featuredmedia":[{"embeddable":true,"href":"https:\/\/diariodominicano.com\/index.php?rest_route=\/wp\/v2\/media\/308896"}],"wp:attachment":[{"href":"https:\/\/diariodominicano.com\/index.php?rest_route=%2Fwp%2Fv2%2Fmedia&parent=308895"}],"wp:term":[{"taxonomy":"category","embeddable":true,"href":"https:\/\/diariodominicano.com\/index.php?rest_route=%2Fwp%2Fv2%2Fcategories&post=308895"},{"taxonomy":"post_tag","embeddable":true,"href":"https:\/\/diariodominicano.com\/index.php?rest_route=%2Fwp%2Fv2%2Ftags&post=308895"}],"curies":[{"name":"wp","href":"https:\/\/api.w.org\/{rel}","templated":true}]}}